{"id":27648,"date":"2025-08-05T06:55:01","date_gmt":"2025-08-05T06:55:01","guid":{"rendered":"https:\/\/berchtesgadenerleben.de\/?p=27648"},"modified":"2025-08-06T18:39:09","modified_gmt":"2025-08-06T18:39:09","slug":"blaueishuette-ledovec-tura","status":"publish","type":"post","link":"https:\/\/berchtesgadenerleben.de\/cs\/blaueishuette-ledovec-tura\/","title":{"rendered":"V\u00fd\u0161lap k chat\u011b Blaueish\u00fctte a ledovci Blaueisgletscher"},"content":{"rendered":"<div data-elementor-type=\"wp-post\" data-elementor-id=\"27648\" class=\"elementor elementor-27648\" data-elementor-post-type=\"post\">\n\t\t\t\t<main class=\"elementor-element elementor-element-fda55b8 e-flex e-con-boxed e-con e-parent\" data-id=\"fda55b8\" data-element_type=\"container\" data-settings=\"{&quot;ekit_has_onepagescroll_dot&quot;:&quot;yes&quot;}\">\n\t\t\t\t\t<div class=\"e-con-inner\">\n\t\t<article class=\"elementor-element elementor-element-0f183fd e-con-full e-flex e-con e-child\" data-id=\"0f183fd\" data-element_type=\"container\" data-settings=\"{&quot;ekit_has_onepagescroll_dot&quot;:&quot;yes&quot;}\">\n\t\t\t\t<div class=\"elementor-element elementor-element-68fd893 elementor-widget elementor-widget-text-editor\" data-id=\"68fd893\" data-element_type=\"widget\" data-settings=\"{&quot;ekit_we_effect_on&quot;:&quot;none&quot;}\" data-widget_type=\"text-editor.default\">\n\t\t\t\t\t\t\t\t\t<p>M\u00e1te r\u00e1di horsk\u00e9 t\u00fary s v\u00fdjime\u010dn\u00fdm c\u00edlem? Vydejte se s n\u00e1mi k chat\u011b Blaueish\u00fctte! \u010cek\u00e1 v\u00e1s nejen skv\u011bl\u00fd v\u00fdstup berchtesgadensk\u00fdmi horami, ale i setk\u00e1n\u00ed s naprost\u00fdm unik\u00e1tem \u2013 nejsevern\u011bji polo\u017een\u00fdm ledovcem v cel\u00fdch Alp\u00e1ch.<\/p><p>Na t\u00e9hle t\u00fa\u0159e jsme byli u\u017e mnohokr\u00e1t a v\u017edycky n\u00e1s znovu skol\u00ed... teda nadchne! A nebojte, po t\u00e9 d\u0159in\u011b, kdy fun\u00edte do kopce jak lokomotiva, v\u00e1s \u010dek\u00e1 sladk\u00e1 odm\u011bna. Jakmile se usad\u00edte na terase horsk\u00e9 chaty s v\u00fdhledem na hory a pochutn\u00e1te si na v\u00fdborn\u00fdch dom\u00e1c\u00edch kol\u00e1\u010d\u00edch, pochop\u00edte, pro\u010d sem tak stra\u0161n\u011b r\u00e1di chod\u00edme.<\/p>\t\t\t\t\t\t\t\t<\/div>\n\t\t\t\t<div class=\"elementor-element elementor-element-580bd99 elementor-widget elementor-widget-heading\" data-id=\"580bd99\" data-element_type=\"widget\" data-settings=\"{&quot;ekit_we_effect_on&quot;:&quot;none&quot;}\" data-widget_type=\"heading.default\">\n\t\t\t\t\t<h2 class=\"elementor-heading-title elementor-size-default\">Cesta k chat\u011b Blaueish\u00fctte \u2013 St\u0159edn\u011b n\u00e1ro\u010dn\u00e1 horsk\u00e1 t\u00fara s dechberouc\u00edm v\u00fdhledem<\/h2>\t\t\t\t<\/div>\n\t\t\t\t<div class=\"elementor-element elementor-element-456fa7a elementor-widget elementor-widget-heading\" data-id=\"456fa7a\" data-element_type=\"widget\" data-settings=\"{&quot;ekit_we_effect_on&quot;:&quot;none&quot;}\" data-widget_type=\"heading.default\">\n\t\t\t\t\t<h3 class=\"elementor-heading-title elementor-size-default\">V\u0161e, co pot\u0159ebujete v\u011bd\u011bt<\/h3>\t\t\t\t<\/div>\n\t\t\t\t<div class=\"elementor-element elementor-element-3d3cf28 elementor-widget elementor-widget-text-editor\" data-id=\"3d3cf28\" data-element_type=\"widget\" data-settings=\"{&quot;ekit_we_effect_on&quot;:&quot;none&quot;}\" data-widget_type=\"text-editor.default\">\n\t\t\t\t\t\t\t\t\t<p class=\"translation-block\"><strong>D\u00e9lka trasy:<\/strong> 8,7 km (tam a zp\u011bt)<br><strong>Doba ch\u016fze:<\/strong> v\u00fdstup cca 3 hodiny, sestup cca 2 hodiny<br><strong>P\u0159ev\u00fd\u0161en\u00ed:<\/strong> p\u0159ibli\u017en\u011b 861 v\u00fd\u0161kov\u00fdch metr\u016f<br><strong>Obt\u00ed\u017enost:<\/strong> st\u0159edn\u00ed (ale nepodce\u0148uj to p\u0159ev\u00fd\u0161en\u00ed!)<br><strong>Nejlep\u0161\u00ed obdob\u00ed pro t\u00faru:<\/strong> kv\u011bten a\u017e \u0159\u00edjen<br><strong>Nejvy\u0161\u0161\u00ed bod:<\/strong> 1 680 m (chata Blaueish\u00fctte)<\/p>\t\t\t\t\t\t\t\t<\/div>\n\t\t\t\t<div class=\"elementor-element elementor-element-c489aaf elementor-widget elementor-widget-html\" data-id=\"c489aaf\" data-element_type=\"widget\" data-settings=\"{&quot;ekit_we_effect_on&quot;:&quot;none&quot;}\" data-widget_type=\"html.default\">\n\t\t\t\t\t<script type=\"text\/javascript\" src=\"https:\/\/www.outdooractive.com\/de\/embed\/808439206\/js?mw=false&s=m\"><\/script>\t\t\t\t<\/div>\n\t\t\t\t<div class=\"elementor-element elementor-element-ee51d4c elementor-widget elementor-widget-heading\" data-id=\"ee51d4c\" data-element_type=\"widget\" data-settings=\"{&quot;ekit_we_effect_on&quot;:&quot;none&quot;}\" data-widget_type=\"heading.default\">\n\t\t\t\t\t<h2 class=\"elementor-heading-title elementor-size-default\">V\u00fdstup \u2013 Od jezera Hintersee k ledovci Blaueis<\/h2>\t\t\t\t<\/div>\n\t\t\t\t<div class=\"elementor-element elementor-element-689fb72 elementor-widget elementor-widget-text-editor\" data-id=\"689fb72\" data-element_type=\"widget\" data-settings=\"{&quot;ekit_we_effect_on&quot;:&quot;none&quot;}\" data-widget_type=\"text-editor.default\">\n\t\t\t\t\t\t\t\t\t<p class=\"translation-block\">Startovn\u00edm bodem je parkovi\u0161t\u011b Seeklause u  <a href=\"https:\/\/berchtesgadenerleben.de\/cs\/hintersee-ramsau\/\" target=\"_self\">jezera Hintersee v Ramsau<\/a>. Pokud p\u0159ijedete v hlavn\u00ed sez\u00f3n\u011b, doporu\u010dujeme dorazit brzy r\u00e1no \u2013 parkovi\u0161t\u011b b\u00fdv\u00e1 rychle obsazen\u00e9. Z parkovi\u0161t\u011b sledujete zna\u010denou turistickou trasu AV-Weg 482.<\/p><p>Prvn\u00edch p\u00e1r set metr\u016f vede cesta pohodln\u011b po \u0161irok\u00e9 lesn\u00ed stezce, pak odbo\u010d\u00edte doleva. Tady za\u010d\u00edn\u00e1 pozvoln\u00e9, ale vytrval\u00e9 stoup\u00e1n\u00ed. Po hodin\u011b a p\u016fl docela svi\u017en\u00e9 ch\u016fze naraz\u00edte na prvn\u00ed zast\u00e1vku \u2013 sala\u0161 Sch\u00e4rtenalm (1 362 m). Je to skv\u011bl\u00e9 m\u00edsto na kr\u00e1tk\u00fd odpo\u010dinek, na\u010derp\u00e1n\u00ed sil a dopln\u011bn\u00ed tekutin.<\/p><p>Ze Sch\u00e4rtenalm pokra\u010duje stezka je\u0161t\u011b trochu prud\u0161\u00edm stoup\u00e1n\u00edm. Proch\u00e1z\u00edte kolem zaj\u00edmav\u00e9ho skaln\u00edho \u00fatvaru a p\u0159es m\u016fstek pod\u00e9l strm\u00e9 st\u011bny. Tohle je je\u0161t\u011b n\u00e1ro\u010dn\u011bj\u0161\u00ed \u010d\u00e1st v\u00fdstupu, ale nab\u00edz\u00ed n\u00e1dhern\u00e9 v\u00fdhledy na okoln\u00ed hory.<\/p><p>Posledn\u00ed \u00fasek vede serpentinami mezi vzrostl\u00fdmi mod\u0159\u00edny a\u017e k chat\u011b Blaueish\u00fctte. Tady se cesta klikat\u00ed pod obrovsk\u00fdmi st\u011bnami vrchol\u016f Steinberg a Sch\u00e4rtenspitze, kter\u00e9 dod\u00e1vaj\u00ed cel\u00e9mu v\u00fdstupu p\u016fsobivou kulisu.<\/p><p>P\u0159i na\u0161em posledn\u00edm v\u00fdstupu jsme se s Martinou na polovin\u011b cesty zastavili, abychom nabrali dech. \"Tenhle v\u00fdlet je snad ka\u017ed\u00fd rok strm\u011bj\u0161\u00ed,\" post\u011b\u017eovala si a j\u00e1 j\u00ed op\u011bt musel d\u00e1t za pravdu.<\/p><p class=\"translation-block\">Cesta nab\u00edz\u00ed kr\u00e1sn\u00e9 v\u00fdhledy na masiv Hochkalter a Berchtesgadensk\u00e9 Alpy. Na n\u011bkter\u00fdch m\u00edstech m\u00e1te p\u011bkn\u00fd pohled i na <a href=\"https:\/\/berchtesgadenerleben.de\/cs\/hintersee-ramsau\/\" target=\"_self\">jezero Hintersee <\/a>.<\/p>\t\t\t\t\t\t\t\t<\/div>\n\t\t\t\t<div class=\"elementor-element elementor-element-d4e85e0 elementor-widget elementor-widget-image\" data-id=\"d4e85e0\" data-element_type=\"widget\" data-settings=\"{&quot;ekit_we_effect_on&quot;:&quot;none&quot;}\" data-widget_type=\"image.default\">\n\t\t\t\t\t\t\t\t\t\t\t\t\t\t\t<img fetchpriority=\"high\" decoding=\"async\" width=\"1920\" height=\"1000\" src=\"https:\/\/berchtesgadenerleben.de\/wp-content\/uploads\/2025\/08\/blaueishuette-min.jpg\" class=\"attachment-full size-full wp-image-27657\" alt=\"Chata Blaueish\u00fctte\" srcset=\"https:\/\/berchtesgadenerleben.de\/wp-content\/uploads\/2025\/08\/blaueishuette-min.jpg 1920w, https:\/\/berchtesgadenerleben.de\/wp-content\/uploads\/2025\/08\/blaueishuette-min-300x156.jpg 300w, https:\/\/berchtesgadenerleben.de\/wp-content\/uploads\/2025\/08\/blaueishuette-min-1024x533.jpg 1024w, https:\/\/berchtesgadenerleben.de\/wp-content\/uploads\/2025\/08\/blaueishuette-min-768x400.jpg 768w, https:\/\/berchtesgadenerleben.de\/wp-content\/uploads\/2025\/08\/blaueishuette-min-1536x800.jpg 1536w, https:\/\/berchtesgadenerleben.de\/wp-content\/uploads\/2025\/08\/blaueishuette-min-18x9.jpg 18w\" sizes=\"(max-width: 1920px) 100vw, 1920px\" \/>\t\t\t\t\t\t\t\t\t\t\t\t\t\t\t<\/div>\n\t\t\t\t<div class=\"elementor-element elementor-element-4d062e7 elementor-widget elementor-widget-heading\" data-id=\"4d062e7\" data-element_type=\"widget\" data-settings=\"{&quot;ekit_we_effect_on&quot;:&quot;none&quot;}\" data-widget_type=\"heading.default\">\n\t\t\t\t\t<h2 class=\"elementor-heading-title elementor-size-default\">Chata Blaueish\u00fctte \u2013 Odpo\u010dinek s p\u0159ekr\u00e1sn\u00fdm v\u00fdhledem<\/h2>\t\t\t\t<\/div>\n\t\t\t\t<div class=\"elementor-element elementor-element-35546c2 elementor-widget elementor-widget-text-editor\" data-id=\"35546c2\" data-element_type=\"widget\" data-settings=\"{&quot;ekit_we_effect_on&quot;:&quot;none&quot;}\" data-widget_type=\"text-editor.default\">\n\t\t\t\t\t\t\t\t\t<p>Po t\u0159ech hodin\u00e1ch stoup\u00e1n\u00ed v\u00e1s \u010dek\u00e1 zaslou\u017een\u00e1 odm\u011bna. Chata Blaueish\u00fctte byla v roce 2011 kompletn\u011b renovov\u00e1na a nab\u00edz\u00ed p\u0159\u00edjemn\u00e9 z\u00e1zem\u00ed s \u00fachvatn\u00fdm v\u00fdhledem. Z prostorn\u00e9 terasy m\u016f\u017eete pozorovat ledovec, obklopen\u00fd st\u011bnami Blaueisspitze a Hochkalteru.<\/p><p>Chata je proslul\u00e1 svou dom\u00e1c\u00ed kuchyn\u00ed. Obzvl\u00e1\u0161\u0165 doporu\u010dujeme ochutnat zdej\u0161\u00ed kol\u00e1\u010de. Porce jsou poctiv\u00e9 a p\u0159esn\u011b takov\u00e9, jak\u00e9 po n\u00e1ro\u010dn\u00e9m v\u00fd\u0161lapu pot\u0159ebujete.<\/p><p>Pokud pl\u00e1nujete v hor\u00e1ch p\u0159enocovat, chata nab\u00edz\u00ed 84 l\u016f\u017eek v \u00fatuln\u00fdch pokoj\u00edch a spole\u010dn\u00fdch nocleh\u00e1rn\u00e1ch. V hlavn\u00ed sez\u00f3n\u011b je ale rozhodn\u011b nutn\u00e9 rezervovat si ubytov\u00e1n\u00ed p\u0159edem na ofici\u00e1ln\u00edch str\u00e1nk\u00e1ch chaty.<\/p><p class=\"translation-block\">Aktu\u00e1ln\u00ed informace o otev\u00edrac\u00ed dob\u011b, cen\u00e1ch a mo\u017enostech rezervace najdete na <a title=\"Ofici\u00e1ln\u00ed webov\u00e9 str\u00e1nky chaty Blaueish\u00fctte\" href=\"https:\/\/www.blaueishuette.de\/\" target=\"_blank\" rel=\"noopener\">ofici\u00e1ln\u00edch webov\u00fdch str\u00e1nk\u00e1ch chaty Blaueish\u00fctte<\/a>.<\/p>\t\t\t\t\t\t\t\t<\/div>\n\t\t\t\t<div class=\"elementor-element elementor-element-07b8837 elementor-widget elementor-widget-image\" data-id=\"07b8837\" data-element_type=\"widget\" data-settings=\"{&quot;ekit_we_effect_on&quot;:&quot;none&quot;}\" data-widget_type=\"image.default\">\n\t\t\t\t\t\t\t\t\t\t\t\t\t\t\t<img decoding=\"async\" width=\"1920\" height=\"1000\" src=\"https:\/\/berchtesgadenerleben.de\/wp-content\/uploads\/2025\/08\/blaueisgletscher-min.jpg\" class=\"attachment-full size-full wp-image-27656\" alt=\"Ledovec Blaueis u chaty Blaueish\u00fctte v mlze\" srcset=\"https:\/\/berchtesgadenerleben.de\/wp-content\/uploads\/2025\/08\/blaueisgletscher-min.jpg 1920w, https:\/\/berchtesgadenerleben.de\/wp-content\/uploads\/2025\/08\/blaueisgletscher-min-300x156.jpg 300w, https:\/\/berchtesgadenerleben.de\/wp-content\/uploads\/2025\/08\/blaueisgletscher-min-1024x533.jpg 1024w, https:\/\/berchtesgadenerleben.de\/wp-content\/uploads\/2025\/08\/blaueisgletscher-min-768x400.jpg 768w, https:\/\/berchtesgadenerleben.de\/wp-content\/uploads\/2025\/08\/blaueisgletscher-min-1536x800.jpg 1536w, https:\/\/berchtesgadenerleben.de\/wp-content\/uploads\/2025\/08\/blaueisgletscher-min-18x9.jpg 18w\" sizes=\"(max-width: 1920px) 100vw, 1920px\" \/>\t\t\t\t\t\t\t\t\t\t\t\t\t\t\t<\/div>\n\t\t\t\t<div class=\"elementor-element elementor-element-2bc5033 elementor-widget elementor-widget-heading\" data-id=\"2bc5033\" data-element_type=\"widget\" data-settings=\"{&quot;ekit_we_effect_on&quot;:&quot;none&quot;}\" data-widget_type=\"heading.default\">\n\t\t\t\t\t<h2 class=\"elementor-heading-title elementor-size-default\">Ledovec Blaueisgletscher \u2013 Klenot mezi horami<\/h2>\t\t\t\t<\/div>\n\t\t\t\t<div class=\"elementor-element elementor-element-9143113 elementor-widget elementor-widget-text-editor\" data-id=\"9143113\" data-element_type=\"widget\" data-settings=\"{&quot;ekit_we_effect_on&quot;:&quot;none&quot;}\" data-widget_type=\"text-editor.default\">\n\t\t\t\t\t\t\t\t\t<p>Od chaty je to k ledovci u\u017e jen kr\u00e1tk\u00e1 proch\u00e1zka. Blaueisgletscher le\u017e\u00ed v karu mezi vrcholy Blaueisspitze (2481 m), Hochkalter (2607 m) a Kleinkalter. Sv\u00e9 jm\u00e9no dostal podle namodral\u00e9ho odst\u00ednu ledu, kter\u00fd nejl\u00e9pe vynikne za slune\u010dn\u00fdch dn\u016f.<\/p><p>Co je na tomto ledovci zvl\u00e1\u0161tn\u00ed, je jeho poloha \u2013 jde o nejsevern\u011bji polo\u017een\u00fd ledovec v cel\u00fdch Alp\u00e1ch. P\u0159i ka\u017ed\u00e9 na\u0161\u00ed n\u00e1v\u0161t\u011bv\u011b si v\u0161\u00edm\u00e1me zm\u011bn jeho podoby a velikosti. Podle fotek kter\u00e9 vys\u00ed v chat\u011b Blaueish\u00fctte byl t\u0159eba p\u0159ed dvaceti lety podstatn\u011b v\u011bt\u0161\u00ed. Pokud ho chcete vid\u011bt v jeho sou\u010dasn\u00e9 podob\u011b, nev\u00e1hejte p\u0159\u00edli\u0161 dlouho s n\u00e1v\u0161t\u011bvou. Za p\u00e1r let m\u016f\u017ee b\u00fdt jeho podoba zase \u00fapln\u011b jin\u00e1 nebo z n\u011bj zbyde jen zlomek toho, co m\u016f\u017eete obdivovat dnes.<\/p>\t\t\t\t\t\t\t\t<\/div>\n\t\t\t\t<div class=\"elementor-element elementor-element-fb7318e elementor-widget elementor-widget-image\" data-id=\"fb7318e\" data-element_type=\"widget\" data-settings=\"{&quot;ekit_we_effect_on&quot;:&quot;none&quot;}\" data-widget_type=\"image.default\">\n\t\t\t\t\t\t\t\t\t\t\t\t\t\t\t<img decoding=\"async\" width=\"1920\" height=\"1000\" src=\"https:\/\/berchtesgadenerleben.de\/wp-content\/uploads\/2025\/08\/blaueishuette-hintersee-min.jpg\" class=\"attachment-full size-full wp-image-27655\" alt=\"V\u00fdhled na jezero Hintersee pod chatou Blaueish\u00fctte\" srcset=\"https:\/\/berchtesgadenerleben.de\/wp-content\/uploads\/2025\/08\/blaueishuette-hintersee-min.jpg 1920w, https:\/\/berchtesgadenerleben.de\/wp-content\/uploads\/2025\/08\/blaueishuette-hintersee-min-300x156.jpg 300w, https:\/\/berchtesgadenerleben.de\/wp-content\/uploads\/2025\/08\/blaueishuette-hintersee-min-1024x533.jpg 1024w, https:\/\/berchtesgadenerleben.de\/wp-content\/uploads\/2025\/08\/blaueishuette-hintersee-min-768x400.jpg 768w, https:\/\/berchtesgadenerleben.de\/wp-content\/uploads\/2025\/08\/blaueishuette-hintersee-min-1536x800.jpg 1536w, https:\/\/berchtesgadenerleben.de\/wp-content\/uploads\/2025\/08\/blaueishuette-hintersee-min-18x9.jpg 18w\" sizes=\"(max-width: 1920px) 100vw, 1920px\" \/>\t\t\t\t\t\t\t\t\t\t\t\t\t\t\t<\/div>\n\t\t\t\t<div class=\"elementor-element elementor-element-a8f1684 elementor-widget elementor-widget-heading\" data-id=\"a8f1684\" data-element_type=\"widget\" data-settings=\"{&quot;ekit_we_effect_on&quot;:&quot;none&quot;}\" data-widget_type=\"heading.default\">\n\t\t\t\t\t<h2 class=\"elementor-heading-title elementor-size-default\">Cesta zp\u011bt k Hintersee<\/h2>\t\t\t\t<\/div>\n\t\t\t\t<div class=\"elementor-element elementor-element-a6ecbf4 elementor-widget elementor-widget-text-editor\" data-id=\"a6ecbf4\" data-element_type=\"widget\" data-settings=\"{&quot;ekit_we_effect_on&quot;:&quot;none&quot;}\" data-widget_type=\"text-editor.default\">\n\t\t\t\t\t\t\t\t\t<p>Pro sestup doporu\u010dujeme stejnou trasu jako p\u0159i v\u00fdstupu. Jde to rychleji ne\u017e nahoru ale docela to bol\u00ed. Celkov\u011b sestup zabere zhruba 1 1\/2 a\u017e 2 hodiny.<\/p><p class=\"translation-block\">Po n\u00e1vratu k <a href=\"https:\/\/berchtesgadenerleben.de\/cs\/hintersee-ramsau\/\" target=\"_self\">jezeru Hintersee<\/a> si m\u016f\u017eete dop\u0159\u00e1t je\u0161t\u011b krat\u0161\u00ed proch\u00e1zku kolem pr\u016fzra\u010dn\u011b \u010dist\u00e9 vody. Jezero obklopen\u00e9 horami je ide\u00e1ln\u00ed na fotky. Odv\u00e1\u017elivci se m\u016f\u017eou i vykoupat, ale po\u010d\u00edtejte s t\u00edm, \u017ee voda je po\u0159\u00e1dn\u011b studen\u00e1 \u2013 i v l\u00e9t\u011b m\u00e1 kolem 16 stup\u0148\u016f.\n\n<br><br>V\u00fdstup k chat\u011b Blaueish\u00fctte pat\u0159\u00ed mezi na\u0161e nejobl\u00edben\u011bj\u0161\u00ed t\u00fary v Berchtesgadensku. Spojuje v sob\u011b to nejlep\u0161\u00ed z alpsk\u00e9 turistiky \u2013 p\u016fsobiv\u00e9 v\u00fdhledy, sportovn\u00ed v\u00fdzvu a na konci zaslou\u017een\u00fd odpo\u010dinek s dobr\u00fdm j\u00eddlem a jedine\u010dn\u00fdm v\u00fdhledem na ledovec.<\/p>\t\t\t\t\t\t\t\t<\/div>\n\t\t\t\t<\/article>\n\t\t\t\t\t<\/div>\n\t\t\t\t<\/main>\n\t\t\t\t<\/div>","protected":false},"excerpt":{"rendered":"<p>Hast du Lust auf eine Wanderung, die dich zum n\u00f6rdlichsten Gletscher der Alpen f\u00fchrt? Dann solltest du die Tour zur Blaueish\u00fctte unbedingt auf deine Liste setzen! Wir haben diesen Weg schon einige Male zur\u00fcckgelegt, und die Kombination aus anspruchsvoller Wanderung und der Berglandschaft ist jedes Mal beeindruckend. Die Blaueish\u00fctte ist einer unserer Favoriten im Berchtesgadener [&hellip;]<\/p>","protected":false},"author":1,"featured_media":27657,"comment_status":"open","ping_status":"open","sticky":false,"template":"","format":"standard","meta":{"footnotes":""},"categories":[46],"tags":[],"class_list":["post-27648","post","type-post","status-publish","format-standard","has-post-thumbnail","hentry","category-wanderung"],"_links":{"self":[{"href":"https:\/\/berchtesgadenerleben.de\/cs\/wp-json\/wp\/v2\/posts\/27648","targetHints":{"allow":["GET"]}}],"collection":[{"href":"https:\/\/berchtesgadenerleben.de\/cs\/wp-json\/wp\/v2\/posts"}],"about":[{"href":"https:\/\/berchtesgadenerleben.de\/cs\/wp-json\/wp\/v2\/types\/post"}],"author":[{"embeddable":true,"href":"https:\/\/berchtesgadenerleben.de\/cs\/wp-json\/wp\/v2\/users\/1"}],"replies":[{"embeddable":true,"href":"https:\/\/berchtesgadenerleben.de\/cs\/wp-json\/wp\/v2\/comments?post=27648"}],"version-history":[{"count":25,"href":"https:\/\/berchtesgadenerleben.de\/cs\/wp-json\/wp\/v2\/posts\/27648\/revisions"}],"predecessor-version":[{"id":27698,"href":"https:\/\/berchtesgadenerleben.de\/cs\/wp-json\/wp\/v2\/posts\/27648\/revisions\/27698"}],"wp:featuredmedia":[{"embeddable":true,"href":"https:\/\/berchtesgadenerleben.de\/cs\/wp-json\/wp\/v2\/media\/27657"}],"wp:attachment":[{"href":"https:\/\/berchtesgadenerleben.de\/cs\/wp-json\/wp\/v2\/media?parent=27648"}],"wp:term":[{"taxonomy":"category","embeddable":true,"href":"https:\/\/berchtesgadenerleben.de\/cs\/wp-json\/wp\/v2\/categories?post=27648"},{"taxonomy":"post_tag","embeddable":true,"href":"https:\/\/berchtesgadenerleben.de\/cs\/wp-json\/wp\/v2\/tags?post=27648"}],"curies":[{"name":"wp","href":"https:\/\/api.w.org\/{rel}","templated":true}]}}