{"id":27367,"date":"2025-07-25T20:41:27","date_gmt":"2025-07-25T20:41:27","guid":{"rendered":"https:\/\/berchtesgadenerleben.de\/?p=27367"},"modified":"2025-10-21T12:23:22","modified_gmt":"2025-10-21T12:23:22","slug":"solny-dul-berchtesgaden","status":"publish","type":"post","link":"https:\/\/berchtesgadenerleben.de\/cs\/solny-dul-berchtesgaden\/","title":{"rendered":"Soln\u00fd d\u016fl Berchtesgaden"},"content":{"rendered":"<div data-elementor-type=\"wp-post\" data-elementor-id=\"27367\" class=\"elementor elementor-27367\" data-elementor-post-type=\"post\">\n\t\t\t\t<main class=\"elementor-element elementor-element-704d91a e-flex e-con-boxed e-con e-parent\" data-id=\"704d91a\" data-element_type=\"container\" data-settings=\"{&quot;ekit_has_onepagescroll_dot&quot;:&quot;yes&quot;}\">\n\t\t\t\t\t<div class=\"e-con-inner\">\n\t\t<article class=\"elementor-element elementor-element-e2c7747 e-con-full e-flex e-con e-child\" data-id=\"e2c7747\" data-element_type=\"container\" data-settings=\"{&quot;ekit_has_onepagescroll_dot&quot;:&quot;yes&quot;}\">\n\t\t\t\t<div class=\"elementor-element elementor-element-11a8922 elementor-widget elementor-widget-text-editor\" data-id=\"11a8922\" data-element_type=\"widget\" data-settings=\"{&quot;ekit_we_effect_on&quot;:&quot;none&quot;}\" data-widget_type=\"text-editor.default\">\n\t\t\t\t\t\t\t\t\t<p>Kdo by to byl \u0159ekl, \u017ee jeden z nejzaj\u00edmav\u011bj\u0161\u00edch v\u00fdletn\u00edch c\u00edl\u016f v oblasti pln\u00e9 alpsk\u00fdch vrchol\u016f a p\u0159\u00edrodn\u00ed kr\u00e1sy najde\u0161 hluboko pod zem\u00ed? Soln\u00fd d\u016fl v Berchtesgadenu je p\u0159esn\u011b to \u2013 na prvn\u00ed pohled nen\u00e1padn\u00fd, ale opravdu v\u00fdjime\u010dn\u00fd z\u00e1\u017eitek.<\/p><p>Za ta l\u00e9ta jsme ho nav\u0161t\u00edvili mockr\u00e1t \u2013 za de\u0161t\u011b i za slunce, s rodinou i s p\u0159\u00e1teli. A byl to vlastn\u011b jeden z na\u0161ich prvn\u00edch v\u00fdlet\u016f v Berchtesgadenu.<\/p><p>Bav\u00ed n\u00e1s tam kombinace historie, techniky a z\u00e1bavy \u2013 pr\u00e1v\u011b to d\u011bl\u00e1 z n\u00e1v\u0161t\u011bvy dolu jedno z top m\u00edst v Berchtesgadenu<\/p>\t\t\t\t\t\t\t\t<\/div>\n\t\t\t\t<div class=\"elementor-element elementor-element-f0a9237 elementor-widget elementor-widget-heading\" data-id=\"f0a9237\" data-element_type=\"widget\" data-settings=\"{&quot;ekit_we_effect_on&quot;:&quot;none&quot;}\" data-widget_type=\"heading.default\">\n\t\t\t\t\t<h2 class=\"elementor-heading-title elementor-size-default\">Co t\u011b \u010dek\u00e1 v soln\u00e9m dole Berchtesgaden<\/h2>\t\t\t\t<\/div>\n\t\t\t\t<div class=\"elementor-element elementor-element-acbf197 elementor-widget elementor-widget-text-editor\" data-id=\"acbf197\" data-element_type=\"widget\" data-settings=\"{&quot;ekit_we_effect_on&quot;:&quot;none&quot;}\" data-widget_type=\"text-editor.default\">\n\t\t\t\t\t\t\t\t\t<p>Soln\u00fd d\u016fl Berchtesgaden pat\u0159\u00ed mezi na\u0161e top doporu\u010den\u00ed \u2013 u\u017e leta ho doporu\u010dujeme host\u016fm v na\u0161em hotelu a sami se tam po\u0159\u00e1d r\u00e1di vrac\u00edme.<\/p><p>Z\u00e1\u017eitek za\u010d\u00edn\u00e1 p\u0159evle\u010den\u00edm do hornick\u00e9ho overalu. Pak t\u011b \u010dek\u00e1 asi p\u011btiminutov\u00e1 j\u00edzda d\u016fln\u00edm vl\u00e1\u010dkem, kter\u00fd t\u011b odveze 650 metr\u016f hluboko do nitra hory. Tam se to rozj\u00ed\u017ed\u00ed \u2013 prakticky za ka\u017ed\u00fdm rohem t\u011b \u010dek\u00e1 n\u011bjak\u00e9 p\u0159ekvapen\u00ed.<\/p>\t\t\t\t\t\t\t\t<\/div>\n\t\t\t\t<div class=\"elementor-element elementor-element-f2845ce elementor-widget elementor-widget-image\" data-id=\"f2845ce\" data-element_type=\"widget\" data-settings=\"{&quot;ekit_we_effect_on&quot;:&quot;none&quot;}\" data-widget_type=\"image.default\">\n\t\t\t\t\t\t\t\t\t\t\t\t<figure class=\"wp-caption\">\n\t\t\t\t\t\t\t\t\t\t<img fetchpriority=\"high\" decoding=\"async\" width=\"1920\" height=\"1000\" src=\"https:\/\/berchtesgadenerleben.de\/wp-content\/uploads\/2025\/07\/salzbergwerk-berchtesgaden-rutsche-min.jpg\" class=\"attachment-full size-full wp-image-27447\" alt=\"\" srcset=\"https:\/\/berchtesgadenerleben.de\/wp-content\/uploads\/2025\/07\/salzbergwerk-berchtesgaden-rutsche-min.jpg 1920w, https:\/\/berchtesgadenerleben.de\/wp-content\/uploads\/2025\/07\/salzbergwerk-berchtesgaden-rutsche-min-300x156.jpg 300w, https:\/\/berchtesgadenerleben.de\/wp-content\/uploads\/2025\/07\/salzbergwerk-berchtesgaden-rutsche-min-1024x533.jpg 1024w, https:\/\/berchtesgadenerleben.de\/wp-content\/uploads\/2025\/07\/salzbergwerk-berchtesgaden-rutsche-min-768x400.jpg 768w, https:\/\/berchtesgadenerleben.de\/wp-content\/uploads\/2025\/07\/salzbergwerk-berchtesgaden-rutsche-min-1536x800.jpg 1536w\" sizes=\"(max-width: 1920px) 100vw, 1920px\" \/>\t\t\t\t\t\t\t\t\t\t\t<figcaption class=\"widget-image-caption wp-caption-text\">\u00a9Salzbergwerk Berchtesgaden, S\u00fcdwestdeutsche Salzwerke AG<\/figcaption>\n\t\t\t\t\t\t\t\t\t\t<\/figure>\n\t\t\t\t\t\t\t\t\t<\/div>\n\t\t\t\t<div class=\"elementor-element elementor-element-62b356f elementor-widget elementor-widget-heading\" data-id=\"62b356f\" data-element_type=\"widget\" data-settings=\"{&quot;ekit_we_effect_on&quot;:&quot;none&quot;}\" data-widget_type=\"heading.default\">\n\t\t\t\t\t<h2 class=\"elementor-heading-title elementor-size-default\">Top atrakce v soln\u00e9m dole Berchtesgaden \u2013 skluzavky, zrcadlov\u00e9 jezero a soln\u00e1 katedr\u00e1la<\/h2>\t\t\t\t<\/div>\n\t\t\t\t<div class=\"elementor-element elementor-element-b4ee96d elementor-widget elementor-widget-heading\" data-id=\"b4ee96d\" data-element_type=\"widget\" data-settings=\"{&quot;ekit_we_effect_on&quot;:&quot;none&quot;}\" data-widget_type=\"heading.default\">\n\t\t\t\t\t<h3 class=\"elementor-heading-title elementor-size-default\">Historick\u00e9 hornick\u00e9 skluzavky: 34 a 40 metr\u016f dlouh\u00e1 j\u00edzda, kter\u00e1 bav\u00ed d\u011bti i dosp\u011bl\u00e9.<\/h3>\t\t\t\t<\/div>\n\t\t\t\t<div class=\"elementor-element elementor-element-d887b6e elementor-widget elementor-widget-text-editor\" data-id=\"d887b6e\" data-element_type=\"widget\" data-settings=\"{&quot;ekit_we_effect_on&quot;:&quot;none&quot;}\" data-widget_type=\"text-editor.default\">\n\t\t\t\t\t\t\t\t\t<p>Tyhle dv\u011b skluzavky, dlouh\u00e9 34 a 40 metr\u016f, n\u00e1s bav\u00ed poka\u017ed\u00e9 \u2013 i po des\u00e1t\u00e9 n\u00e1v\u0161t\u011bv\u011b. D\u0159\u00edv je horn\u00edci pou\u017e\u00edvali jako nejrychlej\u0161\u00ed zp\u016fsob, jak se dostat mezi jednotliv\u00fdmi \u00farovn\u011bmi. Dnes po nich svi\u0161t\u00ed\u0161 do hloubky jako sou\u010d\u00e1st autentick\u00e9ho hornick\u00e9ho z\u00e1\u017eitku.<\/p><p>P\u0159edev\u0161\u00edm d\u011bti si tuto atrakci v\u017edy u\u017e\u00edvaj\u00ed a obvykle to ud\u011bl\u00e1 siln\u00fd dojem o kter\u00e9m mluv\u00ed je\u0161t\u011b dlouho po n\u00e1v\u0161t\u011bv\u011b! Kdo nechce klouzat, m\u016f\u017ee j\u00edt i po schodech \u2013 ale up\u0159\u00edmn\u011b, stoj\u00ed to za to.<\/p>\t\t\t\t\t\t\t\t<\/div>\n\t\t\t\t<div class=\"elementor-element elementor-element-58b73dd elementor-widget elementor-widget-image\" data-id=\"58b73dd\" data-element_type=\"widget\" data-settings=\"{&quot;ekit_we_effect_on&quot;:&quot;none&quot;}\" data-widget_type=\"image.default\">\n\t\t\t\t\t\t\t\t\t\t\t\t<figure class=\"wp-caption\">\n\t\t\t\t\t\t\t\t\t\t<img decoding=\"async\" width=\"1280\" height=\"720\" src=\"https:\/\/berchtesgadenerleben.de\/wp-content\/uploads\/2022\/04\/spiegelsee-salzbergwerk-berchtesgaden.jpg\" class=\"attachment-full size-full wp-image-25425\" alt=\"Der Spiegelsee im Inneren des Salzbergwerks Berchtesgaden\" srcset=\"https:\/\/berchtesgadenerleben.de\/wp-content\/uploads\/2022\/04\/spiegelsee-salzbergwerk-berchtesgaden.jpg 1280w, https:\/\/berchtesgadenerleben.de\/wp-content\/uploads\/2022\/04\/spiegelsee-salzbergwerk-berchtesgaden-300x169.jpg 300w, https:\/\/berchtesgadenerleben.de\/wp-content\/uploads\/2022\/04\/spiegelsee-salzbergwerk-berchtesgaden-1024x576.jpg 1024w, https:\/\/berchtesgadenerleben.de\/wp-content\/uploads\/2022\/04\/spiegelsee-salzbergwerk-berchtesgaden-768x432.jpg 768w, https:\/\/berchtesgadenerleben.de\/wp-content\/uploads\/2022\/04\/spiegelsee-salzbergwerk-berchtesgaden-600x338.jpg 600w\" sizes=\"(max-width: 1280px) 100vw, 1280px\" \/>\t\t\t\t\t\t\t\t\t\t\t<figcaption class=\"widget-image-caption wp-caption-text\">\u00a9Salzbergwerk Berchtesgaden, S\u00fcdwestdeutsche Salzwerke AG<\/figcaption>\n\t\t\t\t\t\t\t\t\t\t<\/figure>\n\t\t\t\t\t\t\t\t\t<\/div>\n\t\t\t\t<div class=\"elementor-element elementor-element-1c6c73b elementor-widget elementor-widget-heading\" data-id=\"1c6c73b\" data-element_type=\"widget\" data-settings=\"{&quot;ekit_we_effect_on&quot;:&quot;none&quot;}\" data-widget_type=\"heading.default\">\n\t\t\t\t\t<h3 class=\"elementor-heading-title elementor-size-default\">Podzemn\u00ed zrcadlov\u00e9 jezero \u2013 proj\u00ed\u017e\u010fka na voru s p\u016fsobivou sv\u011btelnou show<\/h3>\t\t\t\t<\/div>\n\t\t\t\t<div class=\"elementor-element elementor-element-1838115 elementor-widget elementor-widget-text-editor\" data-id=\"1838115\" data-element_type=\"widget\" data-settings=\"{&quot;ekit_we_effect_on&quot;:&quot;none&quot;}\" data-widget_type=\"text-editor.default\">\n\t\t\t\t\t\t\t\t\t<p>Tohle podzemn\u00ed jezero je pro n\u00e1s vrchol cel\u00e9 prohl\u00eddky \u2013 nic podobn\u00e9ho jsme v jin\u00e9m dole neza\u017eili. Plavba na voru po k\u0159i\u0161\u0165\u00e1lov\u011b \u010dist\u00e9 vod\u011b, p\u0159i kter\u00e9 se na st\u011bny prom\u00edt\u00e1 sv\u011bteln\u00e1 show, m\u00e1 opravdu jedine\u010dnou atmosf\u00e9ru.<\/p><p>Hladina jezera je dokonale klidn\u00e1 a vytv\u00e1\u0159\u00ed optickou iluzi nekone\u010dn\u00e9 hloubky. I po n\u011bkolika n\u00e1v\u0161t\u011bv\u00e1ch n\u00e1s to po\u0159\u00e1d fascinuje.<\/p>\t\t\t\t\t\t\t\t<\/div>\n\t\t\t\t<div class=\"elementor-element elementor-element-a9deae2 elementor-widget elementor-widget-heading\" data-id=\"a9deae2\" data-element_type=\"widget\" data-settings=\"{&quot;ekit_we_effect_on&quot;:&quot;none&quot;}\" data-widget_type=\"heading.default\">\n\t\t\t\t\t<h3 class=\"elementor-heading-title elementor-size-default\">Soln\u00e1 katedr\u00e1la \u2013 \u0161pi\u010dkov\u00e1 multimedi\u00e1ln\u00ed show<\/h3>\t\t\t\t<\/div>\n\t\t\t\t<div class=\"elementor-element elementor-element-554b262 elementor-widget elementor-widget-text-editor\" data-id=\"554b262\" data-element_type=\"widget\" data-settings=\"{&quot;ekit_we_effect_on&quot;:&quot;none&quot;}\" data-widget_type=\"text-editor.default\">\n\t\t\t\t\t\t\t\t\t<p>V prostoru zvan\u00e9m Kaiser-Franz-Sinkwerk m\u016f\u017ee\u0161 za\u017e\u00edt, jak historie d\u00edky technice o\u017eije. Obrovsk\u00e1 podzemn\u00ed dutina tu slou\u017e\u00ed jako prom\u00edtac\u00ed plocha pro p\u016fsobivou multimedi\u00e1ln\u00ed show.<br \/><br \/>3D animace, atmosf\u00e9rick\u00e1 hudba a historick\u00e9 z\u00e1b\u011bry na plo\u0161e p\u0159es 1 000 m\u00b2 vypr\u00e1v\u011bj\u00ed p\u0159\u00edb\u011bh t\u011b\u017eby soli zp\u016fsobem, kter\u00fd vt\u00e1hne i ty, co se o historii b\u011b\u017en\u011b moc nezaj\u00edmaj\u00ed.<\/p>\t\t\t\t\t\t\t\t<\/div>\n\t\t\t\t<div class=\"elementor-element elementor-element-474364b elementor-widget elementor-widget-heading\" data-id=\"474364b\" data-element_type=\"widget\" data-settings=\"{&quot;ekit_we_effect_on&quot;:&quot;none&quot;}\" data-widget_type=\"heading.default\">\n\t\t\t\t\t<h2 class=\"elementor-heading-title elementor-size-default\">Soln\u00fd d\u016fl Berchtesgaden nebo Salzwelten Hallein \u2013 na\u0161e srovn\u00e1n\u00ed<\/h2>\t\t\t\t<\/div>\n\t\t\t\t<div class=\"elementor-element elementor-element-f3f9075 elementor-widget elementor-widget-text-editor\" data-id=\"f3f9075\" data-element_type=\"widget\" data-settings=\"{&quot;ekit_we_effect_on&quot;:&quot;none&quot;}\" data-widget_type=\"text-editor.default\">\n\t\t\t\t\t\t\t\t\t<p class=\"translation-block\">\u010casto se n\u00e1s lid\u00e9 ptaj\u00ed, kter\u00fd soln\u00fd d\u016fl doporu\u010dujeme. Podle n\u00e1s je ten v Berchtesgadenu v\u00fdrazn\u011b lep\u0161\u00ed ne\u017e <a title=\"Salzwelten Hallein\" href=\"https:\/\/www.salzwelten.at\/de\/hallein\" target=\"_blank\" rel=\"noopener\">Salzwelten v Halleinu<\/a> (Rakousko), kter\u00e9 jsou jen 30 minut odsud.<\/p><p class=\"translation-block\"><strong><em>Pro\u010d?<\/em><\/strong><br>V Berchtesgadenu n\u00e1m p\u0159ipad\u00e1 cel\u00e1 prezentace modern\u011bj\u0161\u00ed, multimedi\u00e1ln\u00ed show je p\u016fsobiv\u011bj\u0161\u00ed a cel\u00e1 prohl\u00eddka pest\u0159ej\u0161\u00ed. Skluzavky jsou v obou dolech podobn\u00e9, ale zrcadlov\u00e9 jezero s plavbou na voru je naprosto jedine\u010dn\u00e9.\nSalzwelten Hallein m\u00e1 ur\u010dit\u011b taky sv\u00e9 kouzlo a mo\u017en\u00e1 i v\u00edc historick\u00fdch prvk\u016f, ale celkov\u011b to p\u016fsob\u00ed v\u00edc jak ve \u0161kole \u2013 informac\u00ed je tolik, \u017ee t\u011b to za\u010dne zahlcovat. Nav\u00edc je trochu \u00fanavn\u00e9, \u017ee tam v\u0161e nejd\u0159\u00edv vysv\u011btl\u00ed n\u011bmecky a pak znovu kompletn\u011b anglicky, co\u017e zbyte\u010dn\u011b natahuje celou prohl\u00eddku.<br><br>\nPro rodiny a pro v\u0161echny, kdo cht\u011bj\u00ed z\u00e1bavn\u00fd a vyv\u00e1\u017een\u00fd z\u00e1\u017eitek, je podle n\u00e1s soln\u00fd d\u016fl Berchtesgaden jasn\u00e1 volba.<\/p>\t\t\t\t\t\t\t\t<\/div>\n\t\t\t\t<div class=\"elementor-element elementor-element-80aba90 elementor-widget elementor-widget-image\" data-id=\"80aba90\" data-element_type=\"widget\" data-settings=\"{&quot;ekit_we_effect_on&quot;:&quot;none&quot;}\" data-widget_type=\"image.default\">\n\t\t\t\t\t\t\t\t\t\t\t\t<figure class=\"wp-caption\">\n\t\t\t\t\t\t\t\t\t\t<img decoding=\"async\" width=\"1920\" height=\"1000\" src=\"https:\/\/berchtesgadenerleben.de\/wp-content\/uploads\/2025\/07\/salzbergwerk-berchtesgaden-grubenbahn-min.jpg\" class=\"attachment-full size-full wp-image-27446\" alt=\"\" srcset=\"https:\/\/berchtesgadenerleben.de\/wp-content\/uploads\/2025\/07\/salzbergwerk-berchtesgaden-grubenbahn-min.jpg 1920w, https:\/\/berchtesgadenerleben.de\/wp-content\/uploads\/2025\/07\/salzbergwerk-berchtesgaden-grubenbahn-min-300x156.jpg 300w, https:\/\/berchtesgadenerleben.de\/wp-content\/uploads\/2025\/07\/salzbergwerk-berchtesgaden-grubenbahn-min-1024x533.jpg 1024w, https:\/\/berchtesgadenerleben.de\/wp-content\/uploads\/2025\/07\/salzbergwerk-berchtesgaden-grubenbahn-min-768x400.jpg 768w, https:\/\/berchtesgadenerleben.de\/wp-content\/uploads\/2025\/07\/salzbergwerk-berchtesgaden-grubenbahn-min-1536x800.jpg 1536w\" sizes=\"(max-width: 1920px) 100vw, 1920px\" \/>\t\t\t\t\t\t\t\t\t\t\t<figcaption class=\"widget-image-caption wp-caption-text\">\u00a9Salzbergwerk Berchtesgaden, S\u00fcdwestdeutsche Salzwerke AG<\/figcaption>\n\t\t\t\t\t\t\t\t\t\t<\/figure>\n\t\t\t\t\t\t\t\t\t<\/div>\n\t\t\t\t<div class=\"elementor-element elementor-element-15414b6 elementor-widget elementor-widget-heading\" data-id=\"15414b6\" data-element_type=\"widget\" data-settings=\"{&quot;ekit_we_effect_on&quot;:&quot;none&quot;}\" data-widget_type=\"heading.default\">\n\t\t\t\t\t<h2 class=\"elementor-heading-title elementor-size-default\">Praktick\u00e9 informace k n\u00e1v\u0161t\u011bv\u011b<\/h2>\t\t\t\t<\/div>\n\t\t\t\t<div class=\"elementor-element elementor-element-6770514 elementor-widget elementor-widget-heading\" data-id=\"6770514\" data-element_type=\"widget\" data-settings=\"{&quot;ekit_we_effect_on&quot;:&quot;none&quot;}\" data-widget_type=\"heading.default\">\n\t\t\t\t\t<h3 class=\"elementor-heading-title elementor-size-default\">Otev\u00edrac\u00ed doba 2025<\/h3>\t\t\t\t<\/div>\n\t\t\t\t<div class=\"elementor-element elementor-element-49b8cfa elementor-widget elementor-widget-text-editor\" data-id=\"49b8cfa\" data-element_type=\"widget\" data-settings=\"{&quot;ekit_we_effect_on&quot;:&quot;none&quot;}\" data-widget_type=\"text-editor.default\">\n\t\t\t\t\t\t\t\t\t<p class=\"translation-block\"><strong>Letn\u00ed sez\u00f3na (duben a\u017e listopad):<\/strong> denn\u011b 9:00\u201317:00 (posledn\u00ed vstup v 17:00)<br>\nV hlavn\u00ed sez\u00f3n\u011b doporu\u010dujeme p\u0159ij\u00edt bu\u010f hned r\u00e1no, nebo a\u017e pozd\u011bji odpoledne \u2013 vyhne\u0161 se nejv\u011bt\u0161\u00edmu n\u00e1poru.<\/p><p class=\"translation-block\"><strong>Zimn\u00ed sez\u00f3na (prosinec a\u017e b\u0159ezen)<\/strong><br>Otev\u0159eno denn\u011b od 11:00 do 15:00. I kdy\u017e jsou zimn\u00ed otv\u00edrac\u00ed hodiny krat\u0161\u00ed, m\u00e1 to svou v\u00fdhodu \u2013 b\u00fdv\u00e1 tu podstatn\u011b klidn\u011bji ne\u017e v hlavn\u00ed sez\u00f3n\u011b.<\/p>\t\t\t\t\t\t\t\t<\/div>\n\t\t\t\t<div class=\"elementor-element elementor-element-66f0e0f elementor-widget elementor-widget-heading\" data-id=\"66f0e0f\" data-element_type=\"widget\" data-settings=\"{&quot;ekit_we_effect_on&quot;:&quot;none&quot;}\" data-widget_type=\"heading.default\">\n\t\t\t\t\t<h3 class=\"elementor-heading-title elementor-size-default\">Vstupn\u00e9 2025<\/h3>\t\t\t\t<\/div>\n\t\t\t\t<div class=\"elementor-element elementor-element-50bbc57 elementor-widget elementor-widget-text-editor\" data-id=\"50bbc57\" data-element_type=\"widget\" data-settings=\"{&quot;ekit_we_effect_on&quot;:&quot;none&quot;}\" data-widget_type=\"text-editor.default\">\n\t\t\t\t\t\t\t\t\t<table class=\"bg-bg-100 min-w-full border-separate border-spacing-0 text-sm leading-[1.88888] whitespace-normal\"><thead class=\"border-b-border-100\/50 border-b-[0.5px] text-left\"><tr class=\"[tbody&gt;&amp;]:odd:bg-bg-500\/10\"><th class=\"text-text-000 [&amp;:not(:first-child)]:-x-[hsla(var(--border-100) \/ 0.5)] font-400 px-2 [&amp;:not(:first-child)]:border-l-[0.5px]\">Typ vstupenky<\/th><th class=\"text-text-000 [&amp;:not(:first-child)]:-x-[hsla(var(--border-100) \/ 0.5)] font-400 px-2 [&amp;:not(:first-child)]:border-l-[0.5px]\">Cena<\/th><\/tr><\/thead><tbody><tr class=\"[tbody&gt;&amp;]:odd:bg-bg-500\/10\"><td class=\"border-t-border-100\/50 [&amp;:not(:first-child)]:-x-[hsla(var(--border-100) \/ 0.5)] border-t-[0.5px] px-2 [&amp;:not(:first-child)]:border-l-[0.5px]\">Dosp\u011bl\u00ed<\/td><td class=\"border-t-border-100\/50 [&amp;:not(:first-child)]:-x-[hsla(var(--border-100) \/ 0.5)] border-t-[0.5px] px-2 [&amp;:not(:first-child)]:border-l-[0.5px]\">25,50 \u20ac<\/td><\/tr><tr class=\"[tbody&gt;&amp;]:odd:bg-bg-500\/10\"><td class=\"border-t-border-100\/50 [&amp;:not(:first-child)]:-x-[hsla(var(--border-100) \/ 0.5)] border-t-[0.5px] px-2 [&amp;:not(:first-child)]:border-l-[0.5px]\">D\u011bti (4\u201316 let)<\/td><td class=\"border-t-border-100\/50 [&amp;:not(:first-child)]:-x-[hsla(var(--border-100) \/ 0.5)] border-t-[0.5px] px-2 [&amp;:not(:first-child)]:border-l-[0.5px]\">13,00 \u20ac<\/td><\/tr><tr class=\"[tbody&gt;&amp;]:odd:bg-bg-500\/10\"><td class=\"border-t-border-100\/50 [&amp;:not(:first-child)]:-x-[hsla(var(--border-100) \/ 0.5)] border-t-[0.5px] px-2 [&amp;:not(:first-child)]:border-l-[0.5px]\">Rodinn\u00e1 vstupenka (2 dosp\u011bl\u00ed + 1 d\u00edt\u011b)<\/td><td class=\"border-t-border-100\/50 [&amp;:not(:first-child)]:-x-[hsla(var(--border-100) \/ 0.5)] border-t-[0.5px] px-2 [&amp;:not(:first-child)]:border-l-[0.5px]\">56,50 \u20ac<\/td><\/tr><tr class=\"[tbody&gt;&amp;]:odd:bg-bg-500\/10\"><td class=\"border-t-border-100\/50 [&amp;:not(:first-child)]:-x-[hsla(var(--border-100) \/ 0.5)] border-t-[0.5px] px-2 [&amp;:not(:first-child)]:border-l-[0.5px]\">Ka\u017ed\u00e9 dal\u0161\u00ed d\u00edt\u011b<\/td><td class=\"border-t-border-100\/50 [&amp;:not(:first-child)]:-x-[hsla(var(--border-100) \/ 0.5)] border-t-[0.5px] px-2 [&amp;:not(:first-child)]:border-l-[0.5px]\">7,50 \u20ac<\/td><\/tr><\/tbody><\/table>\t\t\t\t\t\t\t\t<\/div>\n\t\t\t\t<div class=\"elementor-element elementor-element-0c66869 elementor-widget elementor-widget-image\" data-id=\"0c66869\" data-element_type=\"widget\" data-settings=\"{&quot;ekit_we_effect_on&quot;:&quot;none&quot;}\" data-widget_type=\"image.default\">\n\t\t\t\t\t\t\t\t\t\t\t\t<figure class=\"wp-caption\">\n\t\t\t\t\t\t\t\t\t\t<img loading=\"lazy\" decoding=\"async\" width=\"1920\" height=\"1080\" src=\"https:\/\/berchtesgadenerleben.de\/wp-content\/uploads\/2022\/04\/salzbergwerk-berchtesgaden-aussen.jpg\" class=\"attachment-full size-full wp-image-25435\" alt=\"Blick von oben auf das Salzbergwerk Berchtesgaden mit Watzmann im Hintergrund\" srcset=\"https:\/\/berchtesgadenerleben.de\/wp-content\/uploads\/2022\/04\/salzbergwerk-berchtesgaden-aussen.jpg 1920w, https:\/\/berchtesgadenerleben.de\/wp-content\/uploads\/2022\/04\/salzbergwerk-berchtesgaden-aussen-300x169.jpg 300w, https:\/\/berchtesgadenerleben.de\/wp-content\/uploads\/2022\/04\/salzbergwerk-berchtesgaden-aussen-1024x576.jpg 1024w, https:\/\/berchtesgadenerleben.de\/wp-content\/uploads\/2022\/04\/salzbergwerk-berchtesgaden-aussen-768x432.jpg 768w, https:\/\/berchtesgadenerleben.de\/wp-content\/uploads\/2022\/04\/salzbergwerk-berchtesgaden-aussen-1536x864.jpg 1536w, https:\/\/berchtesgadenerleben.de\/wp-content\/uploads\/2022\/04\/salzbergwerk-berchtesgaden-aussen-600x338.jpg 600w\" sizes=\"(max-width: 1920px) 100vw, 1920px\" \/>\t\t\t\t\t\t\t\t\t\t\t<figcaption class=\"widget-image-caption wp-caption-text\">\u00a9Salzbergwerk Berchtesgaden, S\u00fcdwestdeutsche Salzwerke AG<\/figcaption>\n\t\t\t\t\t\t\t\t\t\t<\/figure>\n\t\t\t\t\t\t\t\t\t<\/div>\n\t\t\t\t<div class=\"elementor-element elementor-element-ca4834a elementor-widget elementor-widget-heading\" data-id=\"ca4834a\" data-element_type=\"widget\" data-settings=\"{&quot;ekit_we_effect_on&quot;:&quot;none&quot;}\" data-widget_type=\"heading.default\">\n\t\t\t\t\t<h2 class=\"elementor-heading-title elementor-size-default\">Na\u0161e tipy pro ide\u00e1ln\u00ed n\u00e1v\u0161t\u011bvu soln\u00e9ho dolu<\/h2>\t\t\t\t<\/div>\n\t\t\t\t<div class=\"elementor-element elementor-element-c2c226c elementor-widget elementor-widget-heading\" data-id=\"c2c226c\" data-element_type=\"widget\" data-settings=\"{&quot;ekit_we_effect_on&quot;:&quot;none&quot;}\" data-widget_type=\"heading.default\">\n\t\t\t\t\t<h3 class=\"elementor-heading-title elementor-size-default\">Pr\u0161\u00ed? Ur\u010dit\u011b si zarezervuj p\u0159edem!<\/h3>\t\t\t\t<\/div>\n\t\t\t\t<div class=\"elementor-element elementor-element-522d1e3 elementor-widget elementor-widget-text-editor\" data-id=\"522d1e3\" data-element_type=\"widget\" data-settings=\"{&quot;ekit_we_effect_on&quot;:&quot;none&quot;}\" data-widget_type=\"text-editor.default\">\n\t\t\t\t\t\t\t\t\t<p class=\"translation-block\">Soln\u00fd d\u016fl je ide\u00e1ln\u00ed <a title=\"Tipy na v\u00fdlety za de\u0161t\u011b v Berchtesgadenu\" href=\"https:\/\/berchtesgadenerleben.de\/cs\/kam-za-deste\/\" target=\"_self\">program na de\u0161tiv\u00e9 dny<\/a> \u2013 ale p\u0159esn\u011b to v\u011bd\u00ed i v\u0161ichni ostatn\u00ed! Za de\u0161tiv\u00e9ho po\u010das\u00ed, hlavn\u011b b\u011bhem pr\u00e1zdnin, tu b\u00fdv\u00e1 opravdu plno.<\/p><p class=\"translation-block\"><strong>Na\u0161e doporu\u010den\u00ed:<\/strong> <a title=\"Rezervace vstupenek do soln\u00e9ho dolu online\" href=\"https:\/\/www.salzbergwerk.de\/de\/ticketshop\/\" target=\"_blank\" rel=\"noopener\">Rezervuj si vstupenky online p\u0159edem<\/a>. Vyhne\u0161 se tak dlouh\u00e9mu \u010dek\u00e1n\u00ed a m\u00e1\u0161 jistotu vstupu v \u010dase, kter\u00fd ti vyhovuje.<\/p><p>U\u017e se n\u00e1m mockr\u00e1t stalo, \u017ee host\u00e9 (kte\u0159\u00ed na\u0161e rady ignorovali) p\u0159i\u0161li za de\u0161tiv\u00e9ho dne b\u011bhem pr\u00e1zdnin bez rezervace a \u010dekali hodiny \u2013 nebo se dovnit\u0159 v\u016fbec nedostali.<\/p><p>Rezervace online je jednoduch\u00e1 a u\u0161et\u0159\u00ed ti tohle riziko.<\/p>\t\t\t\t\t\t\t\t<\/div>\n\t\t\t\t<div class=\"elementor-element elementor-element-2eefc00 elementor-widget elementor-widget-heading\" data-id=\"2eefc00\" data-element_type=\"widget\" data-settings=\"{&quot;ekit_we_effect_on&quot;:&quot;none&quot;}\" data-widget_type=\"heading.default\">\n\t\t\t\t\t<h3 class=\"elementor-heading-title elementor-size-default\">Soln\u00fd d\u016fl Berchtesgaden s d\u011btmi? Tohle bys m\u011bl v\u011bd\u011bt<\/h3>\t\t\t\t<\/div>\n\t\t\t\t<div class=\"elementor-element elementor-element-78d1202 elementor-widget elementor-widget-text-editor\" data-id=\"78d1202\" data-element_type=\"widget\" data-settings=\"{&quot;ekit_we_effect_on&quot;:&quot;none&quot;}\" data-widget_type=\"text-editor.default\">\n\t\t\t\t\t\t\t\t\t<p>Soln\u00fd d\u016fl Berchtesgaden je skv\u011bl\u00fdm z\u00e1\u017eitkem pro rodiny s d\u011btmi v\u0161ech v\u011bkov\u00fdch kategori\u00ed. I ti nejmen\u0161\u00ed b\u00fdvaj\u00ed nad\u0161en\u00ed z j\u00edzdy vl\u00e1\u010dkem, skluzavek a sv\u011bteln\u00fdch efekt\u016f.<\/p><p>Pro miminka m\u00e1 soln\u00fd d\u016fl k zap\u016fj\u010den\u00ed nos\u00edtka, tak\u017ee i ti nejmlad\u0161\u00ed n\u00e1v\u0161t\u011bvn\u00edci mohou bezpe\u010dn\u011b absolvovat celou prohl\u00eddku.<\/p><p class=\"translation-block\">.<\/p>\t\t\t\t\t\t\t\t<\/div>\n\t\t\t\t<div class=\"elementor-element elementor-element-713743c elementor-widget elementor-widget-image\" data-id=\"713743c\" data-element_type=\"widget\" data-settings=\"{&quot;ekit_we_effect_on&quot;:&quot;none&quot;}\" data-widget_type=\"image.default\">\n\t\t\t\t\t\t\t\t\t\t\t\t<figure class=\"wp-caption\">\n\t\t\t\t\t\t\t\t\t\t<img loading=\"lazy\" decoding=\"async\" width=\"1920\" height=\"1000\" src=\"https:\/\/berchtesgadenerleben.de\/wp-content\/uploads\/2025\/07\/salzbergwerk-berchtesgaden-dinner-min.jpg\" class=\"attachment-full size-full wp-image-27444\" alt=\"\" srcset=\"https:\/\/berchtesgadenerleben.de\/wp-content\/uploads\/2025\/07\/salzbergwerk-berchtesgaden-dinner-min.jpg 1920w, https:\/\/berchtesgadenerleben.de\/wp-content\/uploads\/2025\/07\/salzbergwerk-berchtesgaden-dinner-min-300x156.jpg 300w, https:\/\/berchtesgadenerleben.de\/wp-content\/uploads\/2025\/07\/salzbergwerk-berchtesgaden-dinner-min-1024x533.jpg 1024w, https:\/\/berchtesgadenerleben.de\/wp-content\/uploads\/2025\/07\/salzbergwerk-berchtesgaden-dinner-min-768x400.jpg 768w, https:\/\/berchtesgadenerleben.de\/wp-content\/uploads\/2025\/07\/salzbergwerk-berchtesgaden-dinner-min-1536x800.jpg 1536w\" sizes=\"(max-width: 1920px) 100vw, 1920px\" \/>\t\t\t\t\t\t\t\t\t\t\t<figcaption class=\"widget-image-caption wp-caption-text\">\u00a9Salzbergwerk Berchtesgaden, S\u00fcdwestdeutsche Salzwerke AG<\/figcaption>\n\t\t\t\t\t\t\t\t\t\t<\/figure>\n\t\t\t\t\t\t\t\t\t<\/div>\n\t\t\t\t<div class=\"elementor-element elementor-element-8ca83dd elementor-widget elementor-widget-heading\" data-id=\"8ca83dd\" data-element_type=\"widget\" data-settings=\"{&quot;ekit_we_effect_on&quot;:&quot;none&quot;}\" data-widget_type=\"heading.default\">\n\t\t\t\t\t<h3 class=\"elementor-heading-title elementor-size-default\">Ve\u010de\u0159e v soln\u00e9m dole \u2013 n\u00e1\u0161 tajn\u00fd tip pro p\u00e1ry<\/h3>\t\t\t\t<\/div>\n\t\t\t\t<div class=\"elementor-element elementor-element-3a8ba14 elementor-widget elementor-widget-text-editor\" data-id=\"3a8ba14\" data-element_type=\"widget\" data-settings=\"{&quot;ekit_we_effect_on&quot;:&quot;none&quot;}\" data-widget_type=\"text-editor.default\">\n\t\t\t\t\t\t\t\t\t<p class=\"translation-block\">U\u017e jsi n\u011bkdy ve\u010de\u0159el 650 metr\u016f pod zem\u00ed p\u0159i sv\u00ed\u010dk\u00e1ch? Tipujeme, \u017ee ne\u2026 A pr\u00e1v\u011b proto je <a title=\"Ve\u010de\u0159e v soln\u00e9m dole\" href=\"https:\/\/www.salzbergwerk.de\/de\/veranstaltungen\/dinner-im-salzbergwerk\" target=\"_blank\" rel=\"noopener\">ve\u010de\u0159e v soln\u00e9m dole<\/a> n\u00e1\u0161 tajn\u00fd tip pro romantick\u00fd ve\u010der ve dvou.<\/p><p>V\u202fn\u011bkter\u00fdch term\u00ednech se prostor Kaiser-Franz-Sinkwerk prom\u011bn\u00ed v\u202fatmosf\u00e9rick\u00e9 m\u00edsto pro ve\u010de\u0159i. Za 140 \u20ac na osobu t\u011b \u010dek\u00e1 exkluzivn\u00ed hornick\u00e9 menu doprov\u00e1zen\u00e9 hudbou \u2013 jedine\u010dn\u00fd z\u00e1\u017eitek pro chu\u0165ov\u00e9 bu\u0148ky i o\u010di.<\/p><p>Sami jsme tuhle ve\u010de\u0159i zat\u00edm neza\u017eili, ale n\u011bkte\u0159\u00ed na\u0161i host\u00e9 z n\u00ed byli tak nad\u0161en\u00ed, \u017ee jsme ji sem prost\u011b museli za\u0159adit.<\/p><p>V\u010dasn\u00e1 rezervace je nutnost\u00ed \u2013 po\u010det m\u00edst je omezen\u00fd a \u010dasto b\u00fdvaj\u00ed vyprodan\u00e1 m\u011bs\u00edce dop\u0159edu.<\/p>\t\t\t\t\t\t\t\t<\/div>\n\t\t\t\t<div class=\"elementor-element elementor-element-d05d4a8 elementor-widget elementor-widget-heading\" data-id=\"d05d4a8\" data-element_type=\"widget\" data-settings=\"{&quot;ekit_we_effect_on&quot;:&quot;none&quot;}\" data-widget_type=\"heading.default\">\n\t\t\t\t\t<h2 class=\"elementor-heading-title elementor-size-default\">Ide\u00e1ln\u00ed kombinace pro nezapomenuteln\u00fd den<\/h2>\t\t\t\t<\/div>\n\t\t\t\t<div class=\"elementor-element elementor-element-53e6af4 elementor-widget elementor-widget-heading\" data-id=\"53e6af4\" data-element_type=\"widget\" data-settings=\"{&quot;ekit_we_effect_on&quot;:&quot;none&quot;}\" data-widget_type=\"heading.default\">\n\t\t\t\t\t<h3 class=\"elementor-heading-title elementor-size-default\">Soln\u00fd d\u016fl Berchtesgaden a jezero K\u00f6nigssee - Klasika<\/h3>\t\t\t\t<\/div>\n\t\t\t\t<div class=\"elementor-element elementor-element-8e3cb06 elementor-widget elementor-widget-text-editor\" data-id=\"8e3cb06\" data-element_type=\"widget\" data-settings=\"{&quot;ekit_we_effect_on&quot;:&quot;none&quot;}\" data-widget_type=\"text-editor.default\">\n\t\t\t\t\t\t\t\t\t<p>Na\u0161e nejobl\u00edben\u011bj\u0161\u00ed kombinace pro perfektn\u00ed den v Berchtesgadenu:<\/p><p class=\"translation-block\">Brzy r\u00e1no k <a title=\"Jezero K\u00f6nigssee\" href=\"https:\/\/berchtesgadenerleben.de\/cs\/koenigssee-tipy\/\" target=\"_blank\" rel=\"noopener\">jezeru K\u00f6nigssee<\/a>, projet se lod\u00ed do Salet, proj\u00edt se kolem Obersee a odpoledne vyrazit do soln\u00e9ho dolu. K\u00f6nigssee je od dolu vzd\u00e1len\u00e9 jen 9 km a pohodln\u011b se tam dostane\u0161 autem nebo autobusem.<\/p><p class=\"translation-block\"><strong>R\u00e1no d\u011bl\u00e1 den:<\/strong> Vezmi si rozhodn\u011b prvn\u00ed lo\u010f na K\u00f6nigssee (v l\u00e9t\u011b od 8:00), u\u017eij si klidn\u00e9 r\u00e1no u jezera a pak pokra\u010duj do soln\u00e9ho dolu. Vyhne\u0161 se tak nejv\u011bt\u0161\u00edm dav\u016fm a den vyu\u017eije\u0161 naplno. Za hezk\u00e9ho po\u010das\u00ed b\u00fdv\u00e1 v dole n\u00e1v\u0161t\u011bvnost st\u00e1le p\u0159ijateln\u00e1.<\/p>\t\t\t\t\t\t\t\t<\/div>\n\t\t\t\t<div class=\"elementor-element elementor-element-262f99d elementor-widget elementor-widget-heading\" data-id=\"262f99d\" data-element_type=\"widget\" data-settings=\"{&quot;ekit_we_effect_on&quot;:&quot;none&quot;}\" data-widget_type=\"heading.default\">\n\t\t\t\t\t<h3 class=\"elementor-heading-title elementor-size-default\">Soln\u00fd d\u016fl &amp; Watzmann Therme \u2013 ide\u00e1ln\u00ed kombinace za ka\u017ed\u00e9ho po\u010das\u00ed<\/h3>\t\t\t\t<\/div>\n\t\t\t\t<div class=\"elementor-element elementor-element-b87c254 elementor-widget elementor-widget-text-editor\" data-id=\"b87c254\" data-element_type=\"widget\" data-settings=\"{&quot;ekit_we_effect_on&quot;:&quot;none&quot;}\" data-widget_type=\"text-editor.default\">\n\t\t\t\t\t\t\t\t\t<p class=\"translation-block\">Jen jeden kilometr od soln\u00e9ho dolu le\u017e\u00ed <a title=\"Watzmann Therme Berchtesgaden\" href=\"https:\/\/berchtesgadenerleben.de\/cs\/watzmanntherme\/\" target=\"_self\">Watzmann Therme<\/a> \u2013 skv\u011bl\u00e1 kombinace, kterou doporu\u010dujeme hlavn\u011b za chladn\u011bj\u0161\u00edch a de\u0161tiv\u00edch dn\u00ed. Po z\u00e1\u017eitku v dole si m\u016f\u017ee\u0161 odpo\u010dinout na 900 m\u00b2 vodn\u00ed plochy a v rozs\u00e1hl\u00e9m saunov\u00e9m sv\u011bt\u011b.<\/p><p>Tahle kombinace je n\u00e1\u0161 osobn\u00ed favorit pro de\u0161tiv\u00e9 dny: trochu pozn\u00e1n\u00ed a dobrodru\u017estv\u00ed v dole, pak zaslou\u017een\u00fd odpo\u010dinek a wellness v term\u00e1lech \u2013 lep\u0161\u00ed u\u017e to b\u00fdt nem\u016f\u017ee!<\/p>\t\t\t\t\t\t\t\t<\/div>\n\t\t\t\t<div class=\"elementor-element elementor-element-1b7a933 elementor-widget elementor-widget-heading\" data-id=\"1b7a933\" data-element_type=\"widget\" data-settings=\"{&quot;ekit_we_effect_on&quot;:&quot;none&quot;}\" data-widget_type=\"heading.default\">\n\t\t\t\t\t<h2 class=\"elementor-heading-title elementor-size-default\">T\u011b\u017eba soli od roku 1517 \u2013 fascinuj\u00edc\u00ed p\u0159\u00edb\u011bh \u201eb\u00edl\u00e9ho zlata\u201c<\/h2>\t\t\t\t<\/div>\n\t\t\t\t<div class=\"elementor-element elementor-element-c97f423 elementor-widget elementor-widget-text-editor\" data-id=\"c97f423\" data-element_type=\"widget\" data-settings=\"{&quot;ekit_we_effect_on&quot;:&quot;none&quot;}\" data-widget_type=\"text-editor.default\">\n\t\t\t\t\t\t\t\t\t<p>Co n\u00e1s na tom nejv\u00edc fascinuje: Soln\u00fd d\u016fl nen\u00ed muzeum d\u00e1vno zanikl\u00e9ho pr\u016fmyslu, ale st\u00e1le aktivn\u00ed provoz s v\u00edce ne\u017e 500 lety nep\u0159eru\u0161en\u00e9 historie. T\u011b\u017eba tu za\u010dala u\u017e v roce 1517, kdy dal kn\u00ed\u017ee-opat Gregor Rainer vyrazit prvn\u00ed \u0161tolu. Hospod\u00e1\u0159sk\u00fd v\u00fdznam \u201eb\u00edl\u00e9ho zlata\u201c v\u00fdrazn\u011b ovlivnil cel\u00fd region.<\/p><p class=\"translation-block\">Dnes proud\u00ed vyt\u011b\u017een\u00e1 solanka modern\u00edm potrub\u00edm do <a title=\"T\u011b\u017eba soli v Bad Reichenhallu\" href=\"https:\/\/www.bad-reichenhall.de\/sole-salzgewinnung\" target=\"_blank\" rel=\"noopener\">Bad Reichenhallu<\/a>, kde se z\u202fn\u00ed vyr\u00e1b\u00ed kvalitn\u00ed zna\u010dkov\u00e1 s\u016fl.<\/p><p>Zaj\u00edmavost\u00ed je, \u017ee pou\u017eit\u00e9 \u010derpadla nav\u00edc vyr\u00e1b\u011bj\u00ed elekt\u0159inu \u2013 sta\u010d\u00ed p\u0159ibli\u017en\u011b pro 440 dom\u00e1cnost\u00ed. Skv\u011bl\u00fd p\u0159\u00edklad udr\u017eiteln\u00e9ho vyu\u017e\u00edv\u00e1n\u00ed p\u0159\u00edrodn\u00edch zdroj\u016f.<\/p><p class=\"translation-block\">Kdo se chce o historii t\u011b\u017eby soli v regionu dozv\u011bd\u011bt v\u00edc, m\u016f\u017ee se pod\u00edvat na str\u00e1nky <a title=\"N\u00e1rodn\u00ed park Berchtesgaden \u2013 kulturn\u00ed d\u011bjiny soli\" href=\"https:\/\/www.nationalpark-berchtesgaden.bayern.de\/kulturgeschichte\/salz\/index.htm\" target=\"_blank\" rel=\"noopener\">N\u00e1rodn\u00edho parku Berchtesgaden<\/a>, kde je cel\u00fd p\u0159\u00edb\u011bh podrobn\u011b zpracovan\u00fd.<\/p>\t\t\t\t\t\t\t\t<\/div>\n\t\t\t\t<div class=\"elementor-element elementor-element-28ea318 elementor-widget elementor-widget-image\" data-id=\"28ea318\" data-element_type=\"widget\" data-settings=\"{&quot;ekit_we_effect_on&quot;:&quot;none&quot;}\" data-widget_type=\"image.default\">\n\t\t\t\t\t\t\t\t\t\t\t\t<figure class=\"wp-caption\">\n\t\t\t\t\t\t\t\t\t\t<img loading=\"lazy\" decoding=\"async\" width=\"1920\" height=\"1000\" src=\"https:\/\/berchtesgadenerleben.de\/wp-content\/uploads\/2025\/07\/salzbergwerk-berchtesgaden-salzraum-min.jpg\" class=\"attachment-full size-full wp-image-27448\" alt=\"\" srcset=\"https:\/\/berchtesgadenerleben.de\/wp-content\/uploads\/2025\/07\/salzbergwerk-berchtesgaden-salzraum-min.jpg 1920w, https:\/\/berchtesgadenerleben.de\/wp-content\/uploads\/2025\/07\/salzbergwerk-berchtesgaden-salzraum-min-300x156.jpg 300w, https:\/\/berchtesgadenerleben.de\/wp-content\/uploads\/2025\/07\/salzbergwerk-berchtesgaden-salzraum-min-1024x533.jpg 1024w, https:\/\/berchtesgadenerleben.de\/wp-content\/uploads\/2025\/07\/salzbergwerk-berchtesgaden-salzraum-min-768x400.jpg 768w, https:\/\/berchtesgadenerleben.de\/wp-content\/uploads\/2025\/07\/salzbergwerk-berchtesgaden-salzraum-min-1536x800.jpg 1536w\" sizes=\"(max-width: 1920px) 100vw, 1920px\" \/>\t\t\t\t\t\t\t\t\t\t\t<figcaption class=\"widget-image-caption wp-caption-text\">\u00a9Salzbergwerk Berchtesgaden, S\u00fcdwestdeutsche Salzwerke AG<\/figcaption>\n\t\t\t\t\t\t\t\t\t\t<\/figure>\n\t\t\t\t\t\t\t\t\t<\/div>\n\t\t\t\t<div class=\"elementor-element elementor-element-14f5dd7 elementor-widget elementor-widget-heading\" data-id=\"14f5dd7\" data-element_type=\"widget\" data-settings=\"{&quot;ekit_we_effect_on&quot;:&quot;none&quot;}\" data-widget_type=\"heading.default\">\n\t\t\t\t\t<h2 class=\"elementor-heading-title elementor-size-default\">Soln\u00fd d\u016fl Berchtesgaden \u2013 nezapomenuteln\u00fd z\u00e1\u017eitek (t\u00e9m\u011b\u0159) pro ka\u017ed\u00e9ho<\/h2>\t\t\t\t<\/div>\n\t\t\t\t<div class=\"elementor-element elementor-element-85b0b71 elementor-widget elementor-widget-text-editor\" data-id=\"85b0b71\" data-element_type=\"widget\" data-settings=\"{&quot;ekit_we_effect_on&quot;:&quot;none&quot;}\" data-widget_type=\"text-editor.default\">\n\t\t\t\t\t\t\t\t\t<p>Po nespo\u010dtu n\u00e1v\u0161t\u011bv m\u016f\u017eeme \u0159\u00edct jedno: a\u0165 u\u017e t\u011b zaj\u00edm\u00e1 technika, historie, dobrodru\u017estv\u00ed nebo hled\u00e1\u0161 program pro rodinu s d\u011btmi \u2013 soln\u00fd d\u016fl Berchtesgaden dok\u00e1\u017ee nadchnout t\u00e9m\u011b\u0159 ka\u017ed\u00e9ho. Spojen\u00ed poutav\u00e9 historie, chytr\u00e9 techniky a skute\u010dn\u00e9ho z\u00e1\u017eitku d\u011bl\u00e1 z n\u00e1v\u0161t\u011bvy m\u00edsto, kam se r\u00e1di vrac\u00edme.<\/p><p>Co na tom cen\u00edme nejv\u00edc: prezentace se neust\u00e1le vyv\u00edj\u00ed. I po n\u011bkolika n\u00e1v\u0161t\u011bv\u00e1ch tu v\u017edycky objev\u00edme n\u011bco nov\u00e9ho. Citliv\u00fd p\u0159\u00edstup k historick\u00e9mu d\u011bdictv\u00ed v kombinaci s modern\u00ed technikou vytv\u00e1\u0159\u00ed z\u00e1\u017eitek, kter\u00fd je z\u00e1rove\u0148 pou\u010dn\u00fd i z\u00e1bavn\u00fd.<\/p>\t\t\t\t\t\t\t\t<\/div>\n\t\t\t\t<div class=\"elementor-element elementor-element-8f1e56f elementor-widget elementor-widget-heading\" data-id=\"8f1e56f\" data-element_type=\"widget\" data-settings=\"{&quot;ekit_we_effect_on&quot;:&quot;none&quot;}\" data-widget_type=\"heading.default\">\n\t\t\t\t\t<h2 class=\"elementor-heading-title elementor-size-default\">\u010casto kladen\u00e9 ot\u00e1zky k soln\u00e9mu dolu Berchtesgaden (FAQ)<\/h2>\t\t\t\t<\/div>\n\t\t\t\t<div class=\"elementor-element elementor-element-f847ae3 elementor-widget elementor-widget-n-accordion\" data-id=\"f847ae3\" data-element_type=\"widget\" data-settings=\"{&quot;default_state&quot;:&quot;expanded&quot;,&quot;max_items_expended&quot;:&quot;one&quot;,&quot;n_accordion_animation_duration&quot;:{&quot;unit&quot;:&quot;ms&quot;,&quot;size&quot;:400,&quot;sizes&quot;:[]},&quot;ekit_we_effect_on&quot;:&quot;none&quot;}\" data-widget_type=\"nested-accordion.default\">\n\t\t\t\t\t\t\t<div class=\"e-n-accordion\" aria-label=\"Accordion. Open links with Enter or Space, close with Escape, and navigate with Arrow Keys\">\n\t\t\t\t\t\t<details id=\"e-n-accordion-item-2600\" class=\"e-n-accordion-item\" open>\n\t\t\t\t<summary class=\"e-n-accordion-item-title\" data-accordion-index=\"1\" tabindex=\"0\" aria-expanded=\"true\" aria-controls=\"e-n-accordion-item-2600\" >\n\t\t\t\t\t<span class='e-n-accordion-item-title-header'><div class=\"e-n-accordion-item-title-text\"> Kdy m\u00e1 soln\u00fd d\u016fl Berchtesgaden otev\u0159eno? <\/div><\/span>\n\t\t\t\t\t\t\t<span class='e-n-accordion-item-title-icon'>\n\t\t\t<span class='e-opened' ><i aria-hidden=\"true\" class=\"fas fa-minus\"><\/i><\/span>\n\t\t\t<span class='e-closed'><i aria-hidden=\"true\" class=\"fas fa-plus\"><\/i><\/span>\n\t\t<\/span>\n\n\t\t\t\t\t\t<\/summary>\n\t\t\t\t<div role=\"region\" aria-labelledby=\"e-n-accordion-item-2600\" class=\"elementor-element elementor-element-d4d16ff e-con-full e-flex e-con e-child\" data-id=\"d4d16ff\" data-element_type=\"container\" data-settings=\"{&quot;ekit_has_onepagescroll_dot&quot;:&quot;yes&quot;}\">\n\t\t\t\t<div class=\"elementor-element elementor-element-a8eff30 elementor-widget elementor-widget-text-editor\" data-id=\"a8eff30\" data-element_type=\"widget\" data-settings=\"{&quot;ekit_we_effect_on&quot;:&quot;none&quot;}\" data-widget_type=\"text-editor.default\">\n\t\t\t\t\t\t\t\t\t<p>Soln\u00fd d\u016fl m\u00e1 r\u016fzn\u00e9 otev\u00edrac\u00ed doby podle sez\u00f3ny:<\/p><p class=\"translation-block\"><strong>Letn\u00ed sez\u00f3na (duben\u2013listopad):<\/strong> denn\u011b 9:00\u201317:00 (posledn\u00ed vstup v 17:00)<br>\n<strong>Zimn\u00ed sez\u00f3na (prosinec\u2013b\u0159ezen):<\/strong> denn\u011b 11:00\u201315:00<\/p><p>N\u00e1\u0161 tip: V hlavn\u00ed sez\u00f3n\u011b p\u0159ij\u010f bu\u010f hned r\u00e1no, nebo a\u017e pozd\u011b odpoledne (s rezervac\u00ed) \u2013 vyhne\u0161 se tak nejv\u011bt\u0161\u00edm dav\u016fm!<\/p>\t\t\t\t\t\t\t\t<\/div>\n\t\t\t\t<\/div>\n\t\t\t\t\t<\/details>\n\t\t\t\t\t\t<details id=\"e-n-accordion-item-2601\" class=\"e-n-accordion-item\" >\n\t\t\t\t<summary class=\"e-n-accordion-item-title\" data-accordion-index=\"2\" tabindex=\"-1\" aria-expanded=\"false\" aria-controls=\"e-n-accordion-item-2601\" >\n\t\t\t\t\t<span class='e-n-accordion-item-title-header'><div class=\"e-n-accordion-item-title-text\"> Kolik stoj\u00ed vstupn\u00e9 do soln\u00e9ho dolu Berchtesgaden v roce 2025? <\/div><\/span>\n\t\t\t\t\t\t\t<span class='e-n-accordion-item-title-icon'>\n\t\t\t<span class='e-opened' ><i aria-hidden=\"true\" class=\"fas fa-minus\"><\/i><\/span>\n\t\t\t<span class='e-closed'><i aria-hidden=\"true\" class=\"fas fa-plus\"><\/i><\/span>\n\t\t<\/span>\n\n\t\t\t\t\t\t<\/summary>\n\t\t\t\t<div role=\"region\" aria-labelledby=\"e-n-accordion-item-2601\" class=\"elementor-element elementor-element-5b625a4 e-con-full e-flex e-con e-child\" data-id=\"5b625a4\" data-element_type=\"container\" data-settings=\"{&quot;ekit_has_onepagescroll_dot&quot;:&quot;yes&quot;}\">\n\t\t\t\t<div class=\"elementor-element elementor-element-caa2e27 elementor-widget elementor-widget-text-editor\" data-id=\"caa2e27\" data-element_type=\"widget\" data-settings=\"{&quot;ekit_we_effect_on&quot;:&quot;none&quot;}\" data-widget_type=\"text-editor.default\">\n\t\t\t\t\t\t\t\t\t<p>Aktu\u00e1ln\u00ed vstupn\u00e9 v roce 2025:<\/p><p class=\"translation-block\">Dosp\u011bl\u00ed: 25,50\u202f\u20ac<br>\nD\u011bti (4\u201316 let): 13,00\u202f\u20ac<br>\nRodinn\u00e1 vstupenka (2 dosp\u011bl\u00ed + 1 d\u00edt\u011b): 56,50\u202f\u20ac<br>\nKa\u017ed\u00e9 dal\u0161\u00ed d\u00edt\u011b: 7,50\u202f\u20ac<\/p><p>Na\u0161e doporu\u010den\u00ed: Vstupenky si rezervuj p\u0159edem online! Spont\u00e1nn\u00ed n\u00e1v\u0161t\u011bvn\u00edci \u010dasto za de\u0161tiv\u00e9ho po\u010das\u00ed \u010dekaj\u00ed cel\u00e9 hodiny \u2013 nebo se dovnit\u0159 v\u016fbec nedostanou.<\/p>\t\t\t\t\t\t\t\t<\/div>\n\t\t\t\t<\/div>\n\t\t\t\t\t<\/details>\n\t\t\t\t\t\t<details id=\"e-n-accordion-item-2602\" class=\"e-n-accordion-item\" >\n\t\t\t\t<summary class=\"e-n-accordion-item-title\" data-accordion-index=\"3\" tabindex=\"-1\" aria-expanded=\"false\" aria-controls=\"e-n-accordion-item-2602\" >\n\t\t\t\t\t<span class='e-n-accordion-item-title-header'><div class=\"e-n-accordion-item-title-text\"> Jak dlouho trv\u00e1 prohl\u00eddka soln\u00e9ho dolu Berchtesgaden? <\/div><\/span>\n\t\t\t\t\t\t\t<span class='e-n-accordion-item-title-icon'>\n\t\t\t<span class='e-opened' ><i aria-hidden=\"true\" class=\"fas fa-minus\"><\/i><\/span>\n\t\t\t<span class='e-closed'><i aria-hidden=\"true\" class=\"fas fa-plus\"><\/i><\/span>\n\t\t<\/span>\n\n\t\t\t\t\t\t<\/summary>\n\t\t\t\t<div role=\"region\" aria-labelledby=\"e-n-accordion-item-2602\" class=\"elementor-element elementor-element-37215d4 e-con-full e-flex e-con e-child\" data-id=\"37215d4\" data-element_type=\"container\" data-settings=\"{&quot;ekit_has_onepagescroll_dot&quot;:&quot;yes&quot;}\">\n\t\t\t\t<div class=\"elementor-element elementor-element-05df89f elementor-widget elementor-widget-text-editor\" data-id=\"05df89f\" data-element_type=\"widget\" data-settings=\"{&quot;ekit_we_effect_on&quot;:&quot;none&quot;}\" data-widget_type=\"text-editor.default\">\n\t\t\t\t\t\t\t\t\t<p>Cel\u00e1 prohl\u00eddka trv\u00e1 p\u0159ibli\u017en\u011b 1,5 hodiny \u2013 a ka\u017ed\u00e1 minuta za to stoj\u00ed! Po p\u011btiminutov\u00e9 j\u00edzd\u011b d\u016fln\u00edm vl\u00e1\u010dkem 650 metr\u016f do nitra hory t\u011b \u010dekaj\u00ed historick\u00e9 hornick\u00e9 skluzavky, plavba po zrcadlov\u00e9m jeze\u0159e a p\u016fsobiv\u00e1 multimedi\u00e1ln\u00ed show.<\/p>\t\t\t\t\t\t\t\t<\/div>\n\t\t\t\t<\/div>\n\t\t\t\t\t<\/details>\n\t\t\t\t\t\t<details id=\"e-n-accordion-item-2603\" class=\"e-n-accordion-item\" >\n\t\t\t\t<summary class=\"e-n-accordion-item-title\" data-accordion-index=\"4\" tabindex=\"-1\" aria-expanded=\"false\" aria-controls=\"e-n-accordion-item-2603\" >\n\t\t\t\t\t<span class='e-n-accordion-item-title-header'><div class=\"e-n-accordion-item-title-text\"> Jak dlouh\u00e1 je skluzavka v soln\u00e9m dole Berchtesgaden? <\/div><\/span>\n\t\t\t\t\t\t\t<span class='e-n-accordion-item-title-icon'>\n\t\t\t<span class='e-opened' ><i aria-hidden=\"true\" class=\"fas fa-minus\"><\/i><\/span>\n\t\t\t<span class='e-closed'><i aria-hidden=\"true\" class=\"fas fa-plus\"><\/i><\/span>\n\t\t<\/span>\n\n\t\t\t\t\t\t<\/summary>\n\t\t\t\t<div role=\"region\" aria-labelledby=\"e-n-accordion-item-2603\" class=\"elementor-element elementor-element-3cad69f e-con-full e-flex e-con e-child\" data-id=\"3cad69f\" data-element_type=\"container\" data-settings=\"{&quot;ekit_has_onepagescroll_dot&quot;:&quot;yes&quot;}\">\n\t\t\t\t<div class=\"elementor-element elementor-element-d10ef83 elementor-widget elementor-widget-text-editor\" data-id=\"d10ef83\" data-element_type=\"widget\" data-settings=\"{&quot;ekit_we_effect_on&quot;:&quot;none&quot;}\" data-widget_type=\"text-editor.default\">\n\t\t\t\t\t\t\t\t\tV dole jsou dokonce dv\u011b historick\u00e9 hornick\u00e9 skluzavky: jedna m\u011b\u0159\u00ed 34 metr\u016f a druh\u00e1 40 metr\u016f. D\u0159\u00edve je horn\u00edci pou\u017e\u00edvali jako nejrychlej\u0161\u00ed cestu mezi patry \u2013 dnes pat\u0159\u00ed k nejv\u011bt\u0161\u00edm z\u00e1\u017eitk\u016fm pro n\u00e1v\u0161t\u011bvn\u00edky.\t\t\t\t\t\t\t\t<\/div>\n\t\t\t\t<\/div>\n\t\t\t\t\t<\/details>\n\t\t\t\t\t\t<details id=\"e-n-accordion-item-2604\" class=\"e-n-accordion-item\" >\n\t\t\t\t<summary class=\"e-n-accordion-item-title\" data-accordion-index=\"5\" tabindex=\"-1\" aria-expanded=\"false\" aria-controls=\"e-n-accordion-item-2604\" >\n\t\t\t\t\t<span class='e-n-accordion-item-title-header'><div class=\"e-n-accordion-item-title-text\"> Je soln\u00fd d\u016fl Berchtesgaden vhodn\u00fd pro d\u011bti? <\/div><\/span>\n\t\t\t\t\t\t\t<span class='e-n-accordion-item-title-icon'>\n\t\t\t<span class='e-opened' ><i aria-hidden=\"true\" class=\"fas fa-minus\"><\/i><\/span>\n\t\t\t<span class='e-closed'><i aria-hidden=\"true\" class=\"fas fa-plus\"><\/i><\/span>\n\t\t<\/span>\n\n\t\t\t\t\t\t<\/summary>\n\t\t\t\t<div role=\"region\" aria-labelledby=\"e-n-accordion-item-2604\" class=\"elementor-element elementor-element-f165a98 e-con-full e-flex e-con e-child\" data-id=\"f165a98\" data-element_type=\"container\" data-settings=\"{&quot;ekit_has_onepagescroll_dot&quot;:&quot;yes&quot;}\">\n\t\t\t\t<div class=\"elementor-element elementor-element-9b5b86d elementor-widget elementor-widget-text-editor\" data-id=\"9b5b86d\" data-element_type=\"widget\" data-settings=\"{&quot;ekit_we_effect_on&quot;:&quot;none&quot;}\" data-widget_type=\"text-editor.default\">\n\t\t\t\t\t\t\t\t\tRozhodn\u011b ano \u2013 je to perfektn\u00ed m\u00edsto pro rodiny s d\u011btmi v\u0161ech v\u011bkov\u00fdch kategori\u00ed! Hornick\u00e9 skluzavky (34 a 40 metr\u016f), j\u00edzda d\u016fln\u00edm vl\u00e1\u010dkem a kouzeln\u00e1 plavba na voru po zrcadlov\u00e9m jeze\u0159e nadchnou i ty nejmen\u0161\u00ed. Pro miminka jsou k dispozici dokonce nos\u00edtka.\t\t\t\t\t\t\t\t<\/div>\n\t\t\t\t<\/div>\n\t\t\t\t\t<\/details>\n\t\t\t\t\t\t<details id=\"e-n-accordion-item-2605\" class=\"e-n-accordion-item\" >\n\t\t\t\t<summary class=\"e-n-accordion-item-title\" data-accordion-index=\"6\" tabindex=\"-1\" aria-expanded=\"false\" aria-controls=\"e-n-accordion-item-2605\" >\n\t\t\t\t\t<span class='e-n-accordion-item-title-header'><div class=\"e-n-accordion-item-title-text\"> Soln\u00fd d\u016fl Berchtesgaden nebo Salzwelten Hallein \u2013 co je lep\u0161\u00ed? <\/div><\/span>\n\t\t\t\t\t\t\t<span class='e-n-accordion-item-title-icon'>\n\t\t\t<span class='e-opened' ><i aria-hidden=\"true\" class=\"fas fa-minus\"><\/i><\/span>\n\t\t\t<span class='e-closed'><i aria-hidden=\"true\" class=\"fas fa-plus\"><\/i><\/span>\n\t\t<\/span>\n\n\t\t\t\t\t\t<\/summary>\n\t\t\t\t<div role=\"region\" aria-labelledby=\"e-n-accordion-item-2605\" class=\"elementor-element elementor-element-b4991bd e-con-full e-flex e-con e-child\" data-id=\"b4991bd\" data-element_type=\"container\" data-settings=\"{&quot;ekit_has_onepagescroll_dot&quot;:&quot;yes&quot;}\">\n\t\t\t\t<div class=\"elementor-element elementor-element-a5cb4b8 elementor-widget elementor-widget-text-editor\" data-id=\"a5cb4b8\" data-element_type=\"widget\" data-settings=\"{&quot;ekit_we_effect_on&quot;:&quot;none&quot;}\" data-widget_type=\"text-editor.default\">\n\t\t\t\t\t\t\t\t\t<p>Za n\u00e1s je soln\u00fd d\u016fl Berchtesgaden jednozna\u010dn\u011b lep\u0161\u00ed! Prezentace je modern\u011bj\u0161\u00ed, multimedi\u00e1ln\u00ed show p\u016fsobiv\u011bj\u0161\u00ed a jedine\u010dn\u00e9 zrcadlov\u00e9 jezero s plavbou na voru nem\u00e1 obdoby. Hallein p\u016fsob\u00ed sp\u00ed\u0161 jako \u0161koln\u00ed exkurze \u2013 pro n\u00e1s je Berchtesgaden jasn\u00e1 volba.<\/p>\t\t\t\t\t\t\t\t<\/div>\n\t\t\t\t<\/div>\n\t\t\t\t\t<\/details>\n\t\t\t\t\t\t<details id=\"e-n-accordion-item-2606\" class=\"e-n-accordion-item\" >\n\t\t\t\t<summary class=\"e-n-accordion-item-title\" data-accordion-index=\"7\" tabindex=\"-1\" aria-expanded=\"false\" aria-controls=\"e-n-accordion-item-2606\" >\n\t\t\t\t\t<span class='e-n-accordion-item-title-header'><div class=\"e-n-accordion-item-title-text\"> Jak\u00e9 oble\u010den\u00ed si vz\u00edt do soln\u00e9ho dolu Berchtesgaden? <\/div><\/span>\n\t\t\t\t\t\t\t<span class='e-n-accordion-item-title-icon'>\n\t\t\t<span class='e-opened' ><i aria-hidden=\"true\" class=\"fas fa-minus\"><\/i><\/span>\n\t\t\t<span class='e-closed'><i aria-hidden=\"true\" class=\"fas fa-plus\"><\/i><\/span>\n\t\t<\/span>\n\n\t\t\t\t\t\t<\/summary>\n\t\t\t\t<div role=\"region\" aria-labelledby=\"e-n-accordion-item-2606\" class=\"elementor-element elementor-element-41a409f e-con-full e-flex e-con e-child\" data-id=\"41a409f\" data-element_type=\"container\" data-settings=\"{&quot;ekit_has_onepagescroll_dot&quot;:&quot;yes&quot;}\">\n\t\t\t\t<div class=\"elementor-element elementor-element-f85712f elementor-widget elementor-widget-text-editor\" data-id=\"f85712f\" data-element_type=\"widget\" data-settings=\"{&quot;ekit_we_effect_on&quot;:&quot;none&quot;}\" data-widget_type=\"text-editor.default\">\n\t\t\t\t\t\t\t\t\tV dole je po cel\u00fd rok stabiln\u00ed teplota kolem 12\u202f\u00b0C. Doporu\u010dujeme si vz\u00edt teplej\u0161\u00ed oble\u010den\u00ed \u2013 mikinu nebo lehkou bundu a pohodlnou obuv.\nP\u0159ed vstupem obdr\u017e\u00ed\u0161 hornick\u00fd overal, kter\u00fd si obl\u00e9kne\u0161 p\u0159es sv\u00e9 oble\u010den\u00ed \u2013 ten t\u011b chr\u00e1n\u00ed p\u0159ed chladem a u\u0161pin\u011bn\u00edm.\t\t\t\t\t\t\t\t<\/div>\n\t\t\t\t<\/div>\n\t\t\t\t\t<\/details>\n\t\t\t\t\t\t<details id=\"e-n-accordion-item-2607\" class=\"e-n-accordion-item\" >\n\t\t\t\t<summary class=\"e-n-accordion-item-title\" data-accordion-index=\"8\" tabindex=\"-1\" aria-expanded=\"false\" aria-controls=\"e-n-accordion-item-2607\" >\n\t\t\t\t\t<span class='e-n-accordion-item-title-header'><div class=\"e-n-accordion-item-title-text\"> Mohu si soln\u00fd d\u016fl Berchtesgaden rezervovat online? <\/div><\/span>\n\t\t\t\t\t\t\t<span class='e-n-accordion-item-title-icon'>\n\t\t\t<span class='e-opened' ><i aria-hidden=\"true\" class=\"fas fa-minus\"><\/i><\/span>\n\t\t\t<span class='e-closed'><i aria-hidden=\"true\" class=\"fas fa-plus\"><\/i><\/span>\n\t\t<\/span>\n\n\t\t\t\t\t\t<\/summary>\n\t\t\t\t<div role=\"region\" aria-labelledby=\"e-n-accordion-item-2607\" class=\"elementor-element elementor-element-748a004 e-con-full e-flex e-con e-child\" data-id=\"748a004\" data-element_type=\"container\" data-settings=\"{&quot;ekit_has_onepagescroll_dot&quot;:&quot;yes&quot;}\">\n\t\t\t\t<div class=\"elementor-element elementor-element-eb537cb elementor-widget elementor-widget-text-editor\" data-id=\"eb537cb\" data-element_type=\"widget\" data-settings=\"{&quot;ekit_we_effect_on&quot;:&quot;none&quot;}\" data-widget_type=\"text-editor.default\">\n\t\t\t\t\t\t\t\t\tAno \u2013 a rozhodn\u011b bys to m\u011bl\/a ud\u011blat! Za de\u0161tiv\u00fdch dn\u016f b\u00fdv\u00e1 opravdu plno. D\u00edky online rezervaci se vyhne\u0161 dlouh\u00e9mu \u010dek\u00e1n\u00ed a m\u00e1\u0161 jistotu vstupu ve zvolen\u00e9m \u010dase.\t\t\t\t\t\t\t\t<\/div>\n\t\t\t\t<\/div>\n\t\t\t\t\t<\/details>\n\t\t\t\t\t\t<details id=\"e-n-accordion-item-2608\" class=\"e-n-accordion-item\" >\n\t\t\t\t<summary class=\"e-n-accordion-item-title\" data-accordion-index=\"9\" tabindex=\"-1\" aria-expanded=\"false\" aria-controls=\"e-n-accordion-item-2608\" >\n\t\t\t\t\t<span class='e-n-accordion-item-title-header'><div class=\"e-n-accordion-item-title-text\"> Co je to Spiegelsee v soln\u00e9m dole Berchtesgaden? <\/div><\/span>\n\t\t\t\t\t\t\t<span class='e-n-accordion-item-title-icon'>\n\t\t\t<span class='e-opened' ><i aria-hidden=\"true\" class=\"fas fa-minus\"><\/i><\/span>\n\t\t\t<span class='e-closed'><i aria-hidden=\"true\" class=\"fas fa-plus\"><\/i><\/span>\n\t\t<\/span>\n\n\t\t\t\t\t\t<\/summary>\n\t\t\t\t<div role=\"region\" aria-labelledby=\"e-n-accordion-item-2608\" class=\"elementor-element elementor-element-a6ecde2 e-con-full e-flex e-con e-child\" data-id=\"a6ecde2\" data-element_type=\"container\" data-settings=\"{&quot;ekit_has_onepagescroll_dot&quot;:&quot;yes&quot;}\">\n\t\t\t\t<div class=\"elementor-element elementor-element-63ab6ba elementor-widget elementor-widget-text-editor\" data-id=\"63ab6ba\" data-element_type=\"widget\" data-settings=\"{&quot;ekit_we_effect_on&quot;:&quot;none&quot;}\" data-widget_type=\"text-editor.default\">\n\t\t\t\t\t\t\t\t\tSpiegelsee znamen\u00e1 doslova \u201ezrcadlov\u00e9 jezero\u201c. Tohle podzemn\u00ed jezero je n\u00e1\u0161 osobn\u00ed vrchol cel\u00e9 prohl\u00eddky \u2013 nic podobn\u00e9ho jsme v jin\u00e9m dole neza\u017eili! Plavba na voru po k\u0159i\u0161\u0165\u00e1lov\u011b \u010dist\u00e9m jeze\u0159e, doprov\u00e1zen\u00e1 p\u016fsobivou sv\u011btelnou show, m\u00e1 skute\u010dn\u011b kouzelnou atmosf\u00e9ru. Dokonale klidn\u00e1 hladina vytv\u00e1\u0159\u00ed optickou iluzi nekone\u010dn\u00e9 hloubky.\t\t\t\t\t\t\t\t<\/div>\n\t\t\t\t<\/div>\n\t\t\t\t\t<\/details>\n\t\t\t\t\t\t<details id=\"e-n-accordion-item-2609\" class=\"e-n-accordion-item\" >\n\t\t\t\t<summary class=\"e-n-accordion-item-title\" data-accordion-index=\"10\" tabindex=\"-1\" aria-expanded=\"false\" aria-controls=\"e-n-accordion-item-2609\" >\n\t\t\t\t\t<span class='e-n-accordion-item-title-header'><div class=\"e-n-accordion-item-title-text\"> Je soln\u00fd d\u016fl Berchtesgaden vhodn\u00fd jako program za \u0161patn\u00e9ho po\u010das\u00ed? <\/div><\/span>\n\t\t\t\t\t\t\t<span class='e-n-accordion-item-title-icon'>\n\t\t\t<span class='e-opened' ><i aria-hidden=\"true\" class=\"fas fa-minus\"><\/i><\/span>\n\t\t\t<span class='e-closed'><i aria-hidden=\"true\" class=\"fas fa-plus\"><\/i><\/span>\n\t\t<\/span>\n\n\t\t\t\t\t\t<\/summary>\n\t\t\t\t<div role=\"region\" aria-labelledby=\"e-n-accordion-item-2609\" class=\"elementor-element elementor-element-5275fc7 e-con-full e-flex e-con e-child\" data-id=\"5275fc7\" data-element_type=\"container\" data-settings=\"{&quot;ekit_has_onepagescroll_dot&quot;:&quot;yes&quot;}\">\n\t\t\t\t<div class=\"elementor-element elementor-element-0f923e1 elementor-widget elementor-widget-text-editor\" data-id=\"0f923e1\" data-element_type=\"widget\" data-settings=\"{&quot;ekit_we_effect_on&quot;:&quot;none&quot;}\" data-widget_type=\"text-editor.default\">\n\t\t\t\t\t\t\t\t\tJe to naprosto ide\u00e1ln\u00ed program na \u0161patn\u00e9 po\u010das\u00ed! V dole je st\u00e1l\u00fdch 12\u202f\u00b0C, tak\u017ee o venkovn\u00edm po\u010das\u00ed v\u016fbec nev\u00ed\u0161. Hlavn\u011b to nen\u00ed \u017e\u00e1dn\u00e9 zapr\u00e1\u0161en\u00e9 muzeum, ale skute\u010dn\u00e9 dobrodru\u017estv\u00ed.\nN\u00e1\u0161 tip: Spoj n\u00e1v\u0161t\u011bvu dolu s relaxac\u00ed ve Watzmanntherme, kter\u00e1 je vzd\u00e1len\u00e1 jen jeden kilometr!\t\t\t\t\t\t\t\t<\/div>\n\t\t\t\t<\/div>\n\t\t\t\t\t<\/details>\n\t\t\t\t\t\t<details id=\"e-n-accordion-item-26010\" class=\"e-n-accordion-item\" >\n\t\t\t\t<summary class=\"e-n-accordion-item-title\" data-accordion-index=\"11\" tabindex=\"-1\" aria-expanded=\"false\" aria-controls=\"e-n-accordion-item-26010\" >\n\t\t\t\t\t<span class='e-n-accordion-item-title-header'><div class=\"e-n-accordion-item-title-text\"> Od kdy existuje soln\u00fd d\u016fl Berchtesgaden? <\/div><\/span>\n\t\t\t\t\t\t\t<span class='e-n-accordion-item-title-icon'>\n\t\t\t<span class='e-opened' ><i aria-hidden=\"true\" class=\"fas fa-minus\"><\/i><\/span>\n\t\t\t<span class='e-closed'><i aria-hidden=\"true\" class=\"fas fa-plus\"><\/i><\/span>\n\t\t<\/span>\n\n\t\t\t\t\t\t<\/summary>\n\t\t\t\t<div role=\"region\" aria-labelledby=\"e-n-accordion-item-26010\" class=\"elementor-element elementor-element-5171765 e-con-full e-flex e-con e-child\" data-id=\"5171765\" data-element_type=\"container\" data-settings=\"{&quot;ekit_has_onepagescroll_dot&quot;:&quot;yes&quot;}\">\n\t\t\t\t<div class=\"elementor-element elementor-element-21b0ad8 elementor-widget elementor-widget-text-editor\" data-id=\"21b0ad8\" data-element_type=\"widget\" data-settings=\"{&quot;ekit_we_effect_on&quot;:&quot;none&quot;}\" data-widget_type=\"text-editor.default\">\n\t\t\t\t\t\t\t\t\tSoln\u00fd d\u016fl je st\u00e1le v aktivn\u00edm provoze s v\u00edce ne\u017e 500-letou histori\u00ed! S\u016fl se zde nep\u0159etr\u017eit\u011b t\u011b\u017e\u00ed u\u017e od roku 1517.\t\t\t\t\t\t\t\t<\/div>\n\t\t\t\t<\/div>\n\t\t\t\t\t<\/details>\n\t\t\t\t\t\t<details id=\"e-n-accordion-item-26011\" class=\"e-n-accordion-item\" >\n\t\t\t\t<summary class=\"e-n-accordion-item-title\" data-accordion-index=\"12\" tabindex=\"-1\" aria-expanded=\"false\" aria-controls=\"e-n-accordion-item-26011\" >\n\t\t\t\t\t<span class='e-n-accordion-item-title-header'><div class=\"e-n-accordion-item-title-text\"> Konaj\u00ed se v Soln\u00e9m dole n\u011bjak\u00e9 zvl\u00e1\u0161tn\u00ed akce? <\/div><\/span>\n\t\t\t\t\t\t\t<span class='e-n-accordion-item-title-icon'>\n\t\t\t<span class='e-opened' ><i aria-hidden=\"true\" class=\"fas fa-minus\"><\/i><\/span>\n\t\t\t<span class='e-closed'><i aria-hidden=\"true\" class=\"fas fa-plus\"><\/i><\/span>\n\t\t<\/span>\n\n\t\t\t\t\t\t<\/summary>\n\t\t\t\t<div role=\"region\" aria-labelledby=\"e-n-accordion-item-26011\" class=\"elementor-element elementor-element-d869811 e-con-full e-flex e-con e-child\" data-id=\"d869811\" data-element_type=\"container\" data-settings=\"{&quot;ekit_has_onepagescroll_dot&quot;:&quot;yes&quot;}\">\n\t\t\t\t<div class=\"elementor-element elementor-element-45832ea elementor-widget elementor-widget-text-editor\" data-id=\"45832ea\" data-element_type=\"widget\" data-settings=\"{&quot;ekit_we_effect_on&quot;:&quot;none&quot;}\" data-widget_type=\"text-editor.default\">\n\t\t\t\t\t\t\t\t\t<p>\u201eDinner v soln\u00e9m dole\u201c je n\u00e1\u0161 absolutn\u00ed tip pro romantick\u00fd ve\u010der!\nVe\u010de\u0159e p\u0159i sv\u00ed\u010dk\u00e1ch v hloubce 650 metr\u016f pod zem\u00ed \u2013 za 140\u202f\u20ac na osobu si vychutn\u00e1\u0161 exkluzivn\u00ed hornick\u00fd bufet za doprovodu atmosf\u00e9rick\u00e9 hudby.<\/p><p>D\u016fle\u017eit\u00e9: V\u010dasn\u00e1 rezervace je nutnost\u00ed \u2013 m\u00edsta b\u00fdvaj\u00ed \u010dasto vyprodan\u00e1 m\u011bs\u00edce dop\u0159edu!<\/p>\t\t\t\t\t\t\t\t<\/div>\n\t\t\t\t<\/div>\n\t\t\t\t\t<\/details>\n\t\t\t\t\t<\/div>\n\t\t\t\t\t<script type=\"application\/ld+json\">{\"@context\":\"https:\\\/\\\/schema.org\",\"@type\":\"FAQPage\",\"mainEntity\":[{\"@type\":\"Question\",\"name\":\"Wann hat das Salzbergwerk Berchtesgaden ge\\u00f6ffnet?\",\"acceptedAnswer\":{\"@type\":\"Answer\",\"text\":\"Das Salzbergwerk hat unterschiedliche \\u00d6ffnungszeiten je nach Saison:Sommersaison (April-November): T\\u00e4glich 9:00-17:00 Uhr (letzter Einlass 17:00 Uhr)Wintersaison (Dezember-M\\u00e4rz): T\\u00e4glich 11:00-15:00 UhrUnser Tipp: In der Hauptsaison fr\\u00fch morgens oder am sp\\u00e4ten Nachmittag kommen, um den gr\\u00f6\\u00dften Andrang zu vermeiden!\"}},{\"@type\":\"Question\",\"name\":\"Was kostet der Eintritt ins Salzbergwerk Berchtesgaden 2025?\",\"acceptedAnswer\":{\"@type\":\"Answer\",\"text\":\"Die aktuellen Eintrittspreise 2025 sind:Erwachsene: 25,50 \\u20acKinder (4-16 Jahre): 13,00 \\u20acFamilienticket (2 Erwachsene + 1 Kind): 56,50 \\u20acJedes weitere Kind: 7,50 \\u20acUnser dringender Rat: Ticket unbedingt vorab online buchen! Spontane Besucher m\\u00fcssen bei Regenwetter oft stundenlang warten oder bekommen gar keinen Einlass.\"}},{\"@type\":\"Question\",\"name\":\"Wie lange dauert die F\\u00fchrung im Salzbergwerk Berchtesgaden?\",\"acceptedAnswer\":{\"@type\":\"Answer\",\"text\":\"Eine komplette F\\u00fchrung dauert etwa 1,5 Stunden \\u2013 und jede Minute davon ist es wert! Nach der 5-min\\u00fctigen Grubenbahn-Fahrt 650 Meter ins Berginnere warten die historischen Bergmannsrutschen, die Flo\\u00dffahrt \\u00fcber den Spiegelsee und die beeindruckende Multimedia-Show.\"}},{\"@type\":\"Question\",\"name\":\"Wie lang ist die Rutsche im Salzbergwerk Berchtesgaden?\",\"acceptedAnswer\":{\"@type\":\"Answer\",\"text\":\"Es gibt sogar zwei historische Bergmannsrutschen: eine 34 Meter und eine 40 Meter lange Rutsche. Fr\\u00fcher nutzten die Bergleute diese glattpolierten Holzbahnen als schnellsten Weg zwischen den Ebenen. Heute sind sie f\\u00fcr die Besucher ein absolutes Highlight.\"}},{\"@type\":\"Question\",\"name\":\"Ist das Salzbergwerk Berchtesgaden f\\u00fcr Kinder geeignet?\",\"acceptedAnswer\":{\"@type\":\"Answer\",\"text\":\"Absolut \\u2013 es ist perfekt f\\u00fcr Familien mit Kindern jeden Alters! Die Bergmannsrutschen (34m und 40m), die Grubenbahn-Fahrt und die magische Flo\\u00dffahrt \\u00fcber den Spiegelsee begeistern selbst die Kleinsten. F\\u00fcr Babys gibt es sogar Tragetaschen.\"}},{\"@type\":\"Question\",\"name\":\"Salzbergwerk Berchtesgaden oder Salzwelten Hallein - was ist besser?\",\"acceptedAnswer\":{\"@type\":\"Answer\",\"text\":\"Wir finden das Salzbergwerk Berchtesgaden deutlich besser! Die Pr\\u00e4sentation ist moderner, die Multimedia-Show beeindruckender und der einzigartige Spiegelsee mit Flo\\u00dffahrt sucht seinesgleichen. Hallein f\\u00fchlt sich eher nach Schulunterricht an \\u2013 f\\u00fcr uns ist das Salzbergwerk Berchtesgaden klar die bessere Wahl.\"}},{\"@type\":\"Question\",\"name\":\"Welche Kleidung f\\u00fcr Salzbergwerk Berchtesgaden?\",\"acceptedAnswer\":{\"@type\":\"Answer\",\"text\":\"Normale Kleidung reicht v\\u00f6llig aus! Im Salzbergwerk herrschen konstant 12 Grad Celsius. Du bekommst einen echten Bergmanns-Overall, den du \\u00fcber deine normale Kleidung anziehst \\u2013 das geh\\u00f6rt zum authentischen Bergmann-Erlebnis dazu!\"}},{\"@type\":\"Question\",\"name\":\"Kann man das Salzbergwerk Berchtesgaden online buchen?\",\"acceptedAnswer\":{\"@type\":\"Answer\",\"text\":\"Ja, und das solltest du unbedingt machen! An regnerischen Tagen wird es richtig voll. Mit der Online-Buchung vermeidest du lange Wartezeiten und hast garantierten Einlass zu deinem Wunschtermin.\"}},{\"@type\":\"Question\",\"name\":\"Was ist der Spiegelsee im Salzbergwerk Berchtesgaden?\",\"acceptedAnswer\":{\"@type\":\"Answer\",\"text\":\"Der unterirdische Spiegelsee ist unser pers\\u00f6nliches Highlight \\u2013 so etwas gibt es in keinem anderen Bergwerk! Die Flo\\u00dffahrt \\u00fcber den kristallklaren See mit eindrucksvoller Lichtshow hat etwas wirklich Magisches. Die spiegelglatte Oberfl\\u00e4che schafft eine optische Illusion unendlicher Tiefe.\"}},{\"@type\":\"Question\",\"name\":\"Ist das Salzbergwerk Berchtesgaden ein gutes Schlechtwetterprogramm?\",\"acceptedAnswer\":{\"@type\":\"Answer\",\"text\":\"Das ist DAS perfekte Schlechtwetterprogramm! Bei konstant 12 Grad unter der Erde merkst du nichts vom Wetter drau\\u00dfen. Es ist kein verstaubtes Museum, sondern ein echtes Abenteuer. Unser Tipp: Kombiniere es mit der nur einen Kilometer entfernten Watzmann Therme!\"}},{\"@type\":\"Question\",\"name\":\"Seit wann gibt es das Salzbergwerk Berchtesgaden?\",\"acceptedAnswer\":{\"@type\":\"Answer\",\"text\":\"Das Salzbergwerk ist ein aktiver Betrieb mit \\u00fcber 500-j\\u00e4hriger Geschichte! Seit 1517 wird hier ununterbrochen Salz gewonnen.\"}},{\"@type\":\"Question\",\"name\":\"Gibt es besondere Events im Salzbergwerk Berchtesgaden?\",\"acceptedAnswer\":{\"@type\":\"Answer\",\"text\":\"Das &#8222;Dinner im Salzbergwerk&#8220; ist unser absoluter Geheimtipp f\\u00fcr einen romantischen Abend! 650 Meter unter der Erde bei Kerzenschein dinieren \\u2013 f\\u00fcr 140 \\u20ac pro Person gibt es ein exklusives Bergknappen-Buffet bei atmosph\\u00e4rischer Musik.Wichtig: Fr\\u00fchzeitige Reservierung ist ein Muss \\u2013 die Pl\\u00e4tze sind oft Monate im Voraus ausgebucht!\"}}]}<\/script>\n\t\t\t\t\t\t\t<\/div>\n\t\t\t\t<\/article>\n\t\t\t\t\t<\/div>\n\t\t\t\t<\/main>\n\t\t\t\t<\/div>","protected":false},"excerpt":{"rendered":"<p>Objevte historick\u00fd soln\u00fd d\u016fl Berchtesgaden \u2013 fascinuj\u00edc\u00ed dobrodru\u017estv\u00ed 130 metr\u016f pod zem\u00ed. Se spektakul\u00e1rn\u00edmi skluzavkami, magick\u00fdm zrcadlov\u00fdm jezerem a p\u016fsobivou multimedi\u00e1ln\u00ed show nadchne mal\u00e9 i velk\u00e9.<\/p>\n<div style=\"height: 15px;\"><\/div>\n<p class=\"translation-block\">\ud83d\udccd P\u0159\u00edmo v Berchtesgadenu<br> \ud83d\udd58 Duben-listopad: 9-17 hodin, zima: 11-15 hodin<br> \ud83d\udcb6 25,50 \u20ac pro dosp\u011bl\u00e9, rodinn\u00e9 vstupenky k dispozici<br> \ud83d\udc6a Perfektn\u00ed pro rodiny s d\u011btmi ka\u017ed\u00e9ho v\u011bku<\/p>","protected":false},"author":1,"featured_media":25435,"comment_status":"open","ping_status":"open","sticky":false,"template":"","format":"standard","meta":{"footnotes":""},"categories":[37],"tags":[],"class_list":["post-27367","post","type-post","status-publish","format-standard","has-post-thumbnail","hentry","category-top-20"],"_links":{"self":[{"href":"https:\/\/berchtesgadenerleben.de\/cs\/wp-json\/wp\/v2\/posts\/27367","targetHints":{"allow":["GET"]}}],"collection":[{"href":"https:\/\/berchtesgadenerleben.de\/cs\/wp-json\/wp\/v2\/posts"}],"about":[{"href":"https:\/\/berchtesgadenerleben.de\/cs\/wp-json\/wp\/v2\/types\/post"}],"author":[{"embeddable":true,"href":"https:\/\/berchtesgadenerleben.de\/cs\/wp-json\/wp\/v2\/users\/1"}],"replies":[{"embeddable":true,"href":"https:\/\/berchtesgadenerleben.de\/cs\/wp-json\/wp\/v2\/comments?post=27367"}],"version-history":[{"count":29,"href":"https:\/\/berchtesgadenerleben.de\/cs\/wp-json\/wp\/v2\/posts\/27367\/revisions"}],"predecessor-version":[{"id":27727,"href":"https:\/\/berchtesgadenerleben.de\/cs\/wp-json\/wp\/v2\/posts\/27367\/revisions\/27727"}],"wp:featuredmedia":[{"embeddable":true,"href":"https:\/\/berchtesgadenerleben.de\/cs\/wp-json\/wp\/v2\/media\/25435"}],"wp:attachment":[{"href":"https:\/\/berchtesgadenerleben.de\/cs\/wp-json\/wp\/v2\/media?parent=27367"}],"wp:term":[{"taxonomy":"category","embeddable":true,"href":"https:\/\/berchtesgadenerleben.de\/cs\/wp-json\/wp\/v2\/categories?post=27367"},{"taxonomy":"post_tag","embeddable":true,"href":"https:\/\/berchtesgadenerleben.de\/cs\/wp-json\/wp\/v2\/tags?post=27367"}],"curies":[{"name":"wp","href":"https:\/\/api.w.org\/{rel}","templated":true}]}}