{"id":27020,"date":"2024-03-23T09:54:59","date_gmt":"2024-03-23T09:54:59","guid":{"rendered":"https:\/\/berchtesgadenerleben.de\/?p=27020"},"modified":"2025-08-03T06:07:47","modified_gmt":"2025-08-03T06:07:47","slug":"almbachklamm-tura","status":"publish","type":"post","link":"https:\/\/berchtesgadenerleben.de\/cs\/almbachklamm-tura\/","title":{"rendered":"T\u00fara sout\u011bskou Almbachklamm"},"content":{"rendered":"<div data-elementor-type=\"wp-post\" data-elementor-id=\"27020\" class=\"elementor elementor-27020\" data-elementor-post-type=\"post\">\n\t\t\t\t<main class=\"elementor-element elementor-element-bf9aec2 e-flex e-con-boxed e-con e-parent\" data-id=\"bf9aec2\" data-element_type=\"container\" data-settings=\"{&quot;ekit_has_onepagescroll_dot&quot;:&quot;yes&quot;}\">\n\t\t\t\t\t<div class=\"e-con-inner\">\n\t\t<article class=\"elementor-element elementor-element-d8e53ce e-con-full e-flex e-con e-child\" data-id=\"d8e53ce\" data-element_type=\"container\" data-settings=\"{&quot;ekit_has_onepagescroll_dot&quot;:&quot;yes&quot;}\">\n\t\t\t\t<div class=\"elementor-element elementor-element-f6466f2 elementor-widget elementor-widget-text-editor\" data-id=\"f6466f2\" data-element_type=\"widget\" data-settings=\"{&quot;ekit_we_effect_on&quot;:&quot;none&quot;}\" data-widget_type=\"text-editor.default\">\n\t\t\t\t\t\t\t\t\t<p>Sout\u011bska Almbachklamm pat\u0159\u00ed mezi na\u0161e nejobl\u00edben\u011bj\u0161\u00ed t\u00fary v Berchtesgadensku, a okru\u017en\u00ed trasa p\u0159es Ettenberg je podle n\u00e1s nejlep\u0161\u00ed volba.<\/p><p>Pro\u010d? Kombinuje v\u0161e, co d\u011bl\u00e1 t\u00faru zaj\u00edmavou \u2013 p\u016fsobivou p\u0159\u00edrodu, trochu dobrodru\u017estv\u00ed, kulturn\u00ed zast\u00e1vku a dobr\u00e9 ob\u010derstven\u00ed.<\/p><p>Okru\u017en\u00ed trasa od Kugelm\u00fchle p\u0159es sout\u011bsku Almbachklamm nahoru na Ettenberg a zp\u011bt po stezce Hammerstielsteig zabere asi 3,5 hodiny ch\u016fze a zvl\u00e1dnou ji i rodiny nebo m\u00e9n\u011b zku\u0161en\u00ed turist\u00e9. 29 most\u016f v sout\u011bsce, vodop\u00e1dy, horsk\u00e1 vesnice Ettenberg s barokn\u00edm kostelem a v\u00fdhledy na Untersberg a Berchtesgadensk\u00e9 Alpy z n\u00ed d\u011blaj\u00ed v\u00fdlet, kter\u00fd fakt stoj\u00ed za to.<\/p>\t\t\t\t\t\t\t\t<\/div>\n\t\t\t\t<div class=\"elementor-element elementor-element-60e9b09 elementor-widget elementor-widget-heading\" data-id=\"60e9b09\" data-element_type=\"widget\" data-settings=\"{&quot;ekit_we_effect_on&quot;:&quot;none&quot;}\" data-widget_type=\"heading.default\">\n\t\t\t\t\t<h2 class=\"elementor-heading-title elementor-size-default\">Kde za\u010d\u00edt - Historick\u00fd kulov\u00fd ml\u00fdn (Kugelm\u00fchle)<\/h2>\t\t\t\t<\/div>\n\t\t\t\t<div class=\"elementor-element elementor-element-e8cc26f elementor-widget elementor-widget-text-editor\" data-id=\"e8cc26f\" data-element_type=\"widget\" data-settings=\"{&quot;ekit_we_effect_on&quot;:&quot;none&quot;}\" data-widget_type=\"text-editor.default\">\n\t\t\t\t\t\t\t\t\t<p>V\u00fdchoz\u00edm bodem je Kulov\u00fd ml\u00fdn (Kugelm\u00fchle) v Marktschellenbergu. Je to posledn\u00ed funk\u010dn\u00ed za\u0159\u00edzen\u00ed sv\u00e9ho druhu na sv\u011bt\u011b, kde od 17. stolet\u00ed vyr\u00e1b\u011bj\u00ed koule z m\u00edstn\u00edho mramoru.<\/p><p>P\u0159\u00edmo u vchodu je bezplatn\u00e9 parkovi\u0161t\u011b. O v\u00edkendech b\u00fdv\u00e1 pln\u00e9, tak\u017ee doporu\u010dujeme p\u0159ijet brzy r\u00e1no nebo pozd\u011bji odpoledne.<\/p><p><strong><br \/>Praktick\u00e9 informace p\u0159ed cestou<\/strong><\/p><ul><li class=\"translation-block\">Za Kulov\u00fdm ml\u00fdnem najdete pokladnu, kde zaplat\u00edte vstup do sout\u011bsky.<\/li><li>Parkov\u00e1n\u00ed: zdarma p\u0159\u00edmo u sout\u011bsky Almbachklamm<\/li><\/ul><p class=\"translation-block\"><br><strong>Doporu\u010den\u00ed:<\/strong> O v\u00edkendech se vyhn\u011bte \u010dasu mezi 11:00 a 15:00, kdy je tu nejv\u00edce lid\u00ed.<\/p>\t\t\t\t\t\t\t\t<\/div>\n\t\t\t\t<div class=\"elementor-element elementor-element-ce48c28 elementor-widget elementor-widget-image\" data-id=\"ce48c28\" data-element_type=\"widget\" data-settings=\"{&quot;ekit_we_effect_on&quot;:&quot;none&quot;}\" data-widget_type=\"image.default\">\n\t\t\t\t\t\t\t\t\t\t\t\t\t\t\t<img fetchpriority=\"high\" decoding=\"async\" width=\"1280\" height=\"720\" src=\"https:\/\/berchtesgadenerleben.de\/wp-content\/uploads\/2022\/04\/almbachklamm-steig.jpg\" class=\"attachment-full size-full wp-image-25259\" alt=\"Kask\u00e1dovit\u00fd vodop\u00e1d v sout\u011bsce Almbachklamm\" srcset=\"https:\/\/berchtesgadenerleben.de\/wp-content\/uploads\/2022\/04\/almbachklamm-steig.jpg 1280w, https:\/\/berchtesgadenerleben.de\/wp-content\/uploads\/2022\/04\/almbachklamm-steig-300x169.jpg 300w, https:\/\/berchtesgadenerleben.de\/wp-content\/uploads\/2022\/04\/almbachklamm-steig-1024x576.jpg 1024w, https:\/\/berchtesgadenerleben.de\/wp-content\/uploads\/2022\/04\/almbachklamm-steig-768x432.jpg 768w, https:\/\/berchtesgadenerleben.de\/wp-content\/uploads\/2022\/04\/almbachklamm-steig-600x338.jpg 600w\" sizes=\"(max-width: 1280px) 100vw, 1280px\" \/>\t\t\t\t\t\t\t\t\t\t\t\t\t\t\t<\/div>\n\t\t\t\t<div class=\"elementor-element elementor-element-d4ec0de elementor-widget elementor-widget-heading\" data-id=\"d4ec0de\" data-element_type=\"widget\" data-settings=\"{&quot;ekit_we_effect_on&quot;:&quot;none&quot;}\" data-widget_type=\"heading.default\">\n\t\t\t\t\t<h2 class=\"elementor-heading-title elementor-size-default\">T\u00fara sout\u011bskou Almbachklamm - zaj\u00edmavosti a tipy<\/h2>\t\t\t\t<\/div>\n\t\t\t\t<div class=\"elementor-element elementor-element-c62e905 elementor-widget elementor-widget-text-editor\" data-id=\"c62e905\" data-element_type=\"widget\" data-settings=\"{&quot;ekit_we_effect_on&quot;:&quot;none&quot;}\" data-widget_type=\"text-editor.default\">\n\t\t\t\t\t\t\t\t\t<p>Jakmile projdete pokladnou, pono\u0159\u00ed\u0161 se do sv\u011bta sout\u011bsky Almbachklamm. Zde si potok Almbach po tis\u00edcilet\u00ed prorazil cestu sk\u00e1lou a vytvo\u0159il p\u016fsobivou rokli. Dob\u0159e zaji\u0161t\u011bn\u00e1 stezka v\u00e1s vede p\u0159\u00edmo pod\u00e9l vody a p\u0159es 29 most\u016f a l\u00e1vek, kter\u00e9 nab\u00edzej\u00ed st\u00e1le nov\u00e9 pohledy.<\/p><p>\u0160um\u011bn\u00ed vody, chladn\u00fd, vlhk\u00fd vzduch a sv\u011btlo propadaj\u00edc\u00ed mezi stromy vytv\u00e1\u0159ej\u00ed zcela jedine\u010dnou atmosf\u00e9ru.<\/p><p class=\"translation-block\"><strong>Trasa:<\/strong> asi 3 kilometry samotnou sout\u011bskou<br><strong>\u010cas:<\/strong> cca 1 hodina \u010dist\u00e9 ch\u016fze, plus \u010das na fotky a p\u0159est\u00e1vky<br><strong>Cesty:<\/strong> dob\u0159e upraven\u00e9, ale \u010dasto vlhk\u00e9 a m\u00edsty kluzk\u00e9<br><strong>Obuv:<\/strong> d\u016fle\u017eit\u00e1 je pevn\u00e1 obuv s dobr\u00fdm profilem<\/p><p class=\"translation-block\"><strong>Upozorn\u011bn\u00ed:<\/strong> Po siln\u00fdch de\u0161t\u00edch nebo p\u0159i nebezpe\u010d\u00ed bou\u0159ky m\u016f\u017ee b\u00fdt sout\u011bska uzav\u0159ena.<\/p>\t\t\t\t\t\t\t\t<\/div>\n\t\t\t\t<div class=\"elementor-element elementor-element-dbeba25 elementor-widget elementor-widget-heading\" data-id=\"dbeba25\" data-element_type=\"widget\" data-settings=\"{&quot;ekit_we_effect_on&quot;:&quot;none&quot;}\" data-widget_type=\"heading.default\">\n\t\t\t\t\t<h2 class=\"elementor-heading-title elementor-size-default\">Theresienklause - Historick\u00e1 p\u0159ehrada<\/h2>\t\t\t\t<\/div>\n\t\t\t\t<div class=\"elementor-element elementor-element-a7a7219 elementor-widget elementor-widget-text-editor\" data-id=\"a7a7219\" data-element_type=\"widget\" data-settings=\"{&quot;ekit_we_effect_on&quot;:&quot;none&quot;}\" data-widget_type=\"text-editor.default\">\n\t\t\t\t\t\t\t\t\t<p>Na konci sout\u011bsky se nach\u00e1z\u00ed Theresienklause - historick\u00e1 p\u0159ehrada pojmenovan\u00e1 po c\u00edsa\u0159ovn\u011b Marii Terezii. Byla postavena v roce 1835 a slou\u017eila k plaven\u00ed d\u0159eva.<\/p><p>Za hr\u00e1z\u00ed se zadr\u017eovala voda, kter\u00e1 se pak jednor\u00e1zov\u011b uvolnila a pom\u00e1hala transportovat pok\u00e1cen\u00e9 kmeny \u00fadol\u00edm dol\u016f. D\u0159eva\u0159i museli pomoc\u00ed dlouh\u00fdch ty\u010d\u00ed usm\u011br\u0148ovat kmeny, aby se nezasekly v \u00fazk\u00e9 sout\u011bsce.<\/p><p>Informa\u010dn\u00ed tabule na m\u00edst\u011b vysv\u011btluj\u00ed cel\u00fd proces. Od Theresienklause pak pokra\u010duje cesta d\u00e1l sm\u011brem na Ettenberg.<\/p>\t\t\t\t\t\t\t\t<\/div>\n\t\t\t\t<div class=\"elementor-element elementor-element-ef10892 elementor-widget elementor-widget-image\" data-id=\"ef10892\" data-element_type=\"widget\" data-settings=\"{&quot;ekit_we_effect_on&quot;:&quot;none&quot;}\" data-widget_type=\"image.default\">\n\t\t\t\t\t\t\t\t\t\t\t\t\t\t\t<img decoding=\"async\" width=\"1280\" height=\"720\" src=\"https:\/\/berchtesgadenerleben.de\/wp-content\/uploads\/2022\/04\/almbachklamm-berchtesgaden.jpg\" class=\"attachment-full size-full wp-image-25257\" alt=\"Kask\u00e1dovit\u00fd vodop\u00e1d v sout\u011bsce Almbachklamm\" srcset=\"https:\/\/berchtesgadenerleben.de\/wp-content\/uploads\/2022\/04\/almbachklamm-berchtesgaden.jpg 1280w, https:\/\/berchtesgadenerleben.de\/wp-content\/uploads\/2022\/04\/almbachklamm-berchtesgaden-300x169.jpg 300w, https:\/\/berchtesgadenerleben.de\/wp-content\/uploads\/2022\/04\/almbachklamm-berchtesgaden-1024x576.jpg 1024w, https:\/\/berchtesgadenerleben.de\/wp-content\/uploads\/2022\/04\/almbachklamm-berchtesgaden-768x432.jpg 768w, https:\/\/berchtesgadenerleben.de\/wp-content\/uploads\/2022\/04\/almbachklamm-berchtesgaden-600x338.jpg 600w\" sizes=\"(max-width: 1280px) 100vw, 1280px\" \/>\t\t\t\t\t\t\t\t\t\t\t\t\t\t\t<\/div>\n\t\t\t\t<div class=\"elementor-element elementor-element-ac529fc elementor-widget elementor-widget-heading\" data-id=\"ac529fc\" data-element_type=\"widget\" data-settings=\"{&quot;ekit_we_effect_on&quot;:&quot;none&quot;}\" data-widget_type=\"heading.default\">\n\t\t\t\t\t<h2 class=\"elementor-heading-title elementor-size-default\">V\u00fd\u0161lap na Ettenberg<\/h2>\t\t\t\t<\/div>\n\t\t\t\t<div class=\"elementor-element elementor-element-23da0da elementor-widget elementor-widget-text-editor\" data-id=\"23da0da\" data-element_type=\"widget\" data-settings=\"{&quot;ekit_we_effect_on&quot;:&quot;none&quot;}\" data-widget_type=\"text-editor.default\">\n\t\t\t\t\t\t\t\t\t<p>Od Theresienklause vede cesta d\u00e1l lesem do kopce. Stoup\u00e1n\u00ed nen\u00ed tak \u00fapln\u011b n\u00e1ro\u010dn\u00e9, ale n\u011bkde t\u011bch 300 v\u00fd\u0161kov\u00fdch metr\u016f proste mus\u00edte p\u0159ekonat.<\/p><p>Tato \u010d\u00e1st trasy je obvykle klidn\u011bj\u0161\u00ed ne\u017e t\u00fara sout\u011bskou. Po p\u0159ibli\u017en\u011b 45 minut\u00e1ch doraz\u00edte na Ettenberg \u2013 horsk\u00e9 vesnice s malebn\u00fdm v\u00fdhledem na Untersberg.<\/p><p>Poutn\u00ed kostel Nav\u0161t\u00edven\u00ed Panny Marie a hostinec Messnerwirt poskytuj\u00ed mo\u017enost odpo\u010dinku a ob\u010derstven\u00ed.<\/p>\t\t\t\t\t\t\t\t<\/div>\n\t\t\t\t<div class=\"elementor-element elementor-element-2890892 elementor-widget elementor-widget-image\" data-id=\"2890892\" data-element_type=\"widget\" data-settings=\"{&quot;ekit_we_effect_on&quot;:&quot;none&quot;}\" data-widget_type=\"image.default\">\n\t\t\t\t\t\t\t\t\t\t\t\t\t\t\t<img decoding=\"async\" width=\"1280\" height=\"720\" src=\"https:\/\/berchtesgadenerleben.de\/wp-content\/uploads\/2022\/04\/almbachklamm-ettenberg.jpg\" class=\"attachment-full size-full wp-image-25258\" alt=\"Poutn\u00ed kostel na Ettenbergu s panoramatem Untersbergu v pozad\u00ed\" srcset=\"https:\/\/berchtesgadenerleben.de\/wp-content\/uploads\/2022\/04\/almbachklamm-ettenberg.jpg 1280w, https:\/\/berchtesgadenerleben.de\/wp-content\/uploads\/2022\/04\/almbachklamm-ettenberg-300x169.jpg 300w, https:\/\/berchtesgadenerleben.de\/wp-content\/uploads\/2022\/04\/almbachklamm-ettenberg-1024x576.jpg 1024w, https:\/\/berchtesgadenerleben.de\/wp-content\/uploads\/2022\/04\/almbachklamm-ettenberg-768x432.jpg 768w, https:\/\/berchtesgadenerleben.de\/wp-content\/uploads\/2022\/04\/almbachklamm-ettenberg-600x338.jpg 600w\" sizes=\"(max-width: 1280px) 100vw, 1280px\" \/>\t\t\t\t\t\t\t\t\t\t\t\t\t\t\t<\/div>\n\t\t\t\t<div class=\"elementor-element elementor-element-1ac7475 elementor-widget elementor-widget-heading\" data-id=\"1ac7475\" data-element_type=\"widget\" data-settings=\"{&quot;ekit_we_effect_on&quot;:&quot;none&quot;}\" data-widget_type=\"heading.default\">\n\t\t\t\t\t<h2 class=\"elementor-heading-title elementor-size-default\">Poutn\u00ed kostel Mari\u00e4 Heimsuchung na Ettenbergu<\/h2>\t\t\t\t<\/div>\n\t\t\t\t<div class=\"elementor-element elementor-element-7b3adf7 elementor-widget elementor-widget-text-editor\" data-id=\"7b3adf7\" data-element_type=\"widget\" data-settings=\"{&quot;ekit_we_effect_on&quot;:&quot;none&quot;}\" data-widget_type=\"text-editor.default\">\n\t\t\t\t\t\t\t\t\t<p>Poutn\u00ed kostel Nav\u0161t\u00edven\u00ed Panny Marie na Ettenbergu je opravdu mal\u00fdm vrcholem t\u00fary.<\/p><p>Zvenku p\u016fsob\u00ed sp\u00ed\u0161e jednodu\u0161e, ale jakmile vstoup\u00edte dovnit\u0159, p\u0159ekvap\u00ed v\u00e1s n\u00e1dhern\u00fdmi stropn\u00edmi a n\u00e1st\u011bnn\u00fdmi malbami v barokn\u011b-rokokov\u00e9m stylu.<\/p><p>P\u0159i ka\u017ed\u00e9 t\u00fa\u0159e si vlastn\u011b v\u017edy ud\u011bl\u00e1me \u010das na kr\u00e1tkou n\u00e1v\u0161t\u011bvu kostela \u2013 klid a zvl\u00e1\u0161tn\u00ed atmosf\u00e9ra jsou v\u00edtanou p\u0159est\u00e1vkou po v\u00fdstupu.<\/p>\t\t\t\t\t\t\t\t<\/div>\n\t\t\t\t<div class=\"elementor-element elementor-element-2d8f36f elementor-widget elementor-widget-heading\" data-id=\"2d8f36f\" data-element_type=\"widget\" data-settings=\"{&quot;ekit_we_effect_on&quot;:&quot;none&quot;}\" data-widget_type=\"heading.default\">\n\t\t\t\t\t<h2 class=\"elementor-heading-title elementor-size-default\">Hostinec Messnerwirt<\/h2>\t\t\t\t<\/div>\n\t\t\t\t<div class=\"elementor-element elementor-element-2331e60 elementor-widget elementor-widget-text-editor\" data-id=\"2331e60\" data-element_type=\"widget\" data-settings=\"{&quot;ekit_we_effect_on&quot;:&quot;none&quot;}\" data-widget_type=\"text-editor.default\">\n\t\t\t\t\t\t\t\t\t<p>Hned vedle kostela stoj\u00ed hostinec Messnerwirt \u2013 jedin\u00e9 m\u00edsto, kde se m\u016f\u017eete b\u011bhem t\u00fary ob\u010derstvit. Po v\u00fdstupu p\u0159ijde zast\u00e1vka tady opravdu vhod.<\/p><p>Up\u0159\u00edmn\u011b? Nen\u00ed to \u017e\u00e1dn\u00e1 michelinsk\u00e1 restaurace a obsluha ob\u010das p\u016fsob\u00ed, jako by v\u00e1s tam vlastn\u011b ani necht\u011bla. Je tu samoobsluha a celkov\u00e1 atmosf\u00e9ra m\u016f\u017ee na prvn\u00ed dojem p\u016fsobit trochu stroze. Ale j\u00eddlo je poctiv\u00e9, porce slu\u0161n\u00e9 a ceny rozumn\u00e9. Nav\u00edc terasa nab\u00edz\u00ed p\u011bkn\u00fd v\u00fdhled na okoln\u00ed krajinu.<\/p><p>Zaj\u00edmavost pro fanou\u0161ky seri\u00e1l\u016f: Messnerwirt slou\u017e\u00ed jako kulisa pro nat\u00e1\u010den\u00ed n\u011bmeck\u00e9ho seri\u00e1lu \u201eLena Lorenz\".<\/p><p>Na konci t\u00fary m\u016f\u017eete vyu\u017e\u00edt je\u0161t\u011b druhou mo\u017enost ob\u010derstven\u00ed \u2013 hostinec \"Zur Kugelm\u00fchle\" u vchodu do sout\u011bsky, kde va\u0161e cesta za\u010d\u00ednala.<\/p><p><strong>Informationen zum Messnerwirt<\/strong><\/p><p class=\"translation-block\"><strong>Otev\u00edrac\u00ed doba hostince Messnerwirt:<\/strong> st\u0159eda a\u017e ned\u011ble od 11:00 do 17:00<br>\n<strong>Zav\u0159eno:<\/strong> pond\u011bl\u00ed a \u00fater\u00fd<\/p>\t\t\t\t\t\t\t\t<\/div>\n\t\t\t\t<div class=\"elementor-element elementor-element-1180fe9 elementor-widget elementor-widget-heading\" data-id=\"1180fe9\" data-element_type=\"widget\" data-settings=\"{&quot;ekit_we_effect_on&quot;:&quot;none&quot;}\" data-widget_type=\"heading.default\">\n\t\t\t\t\t<h2 class=\"elementor-heading-title elementor-size-default\">Zp\u00e1te\u010dn\u00ed cesta - Stezka Hammerstielsteig s p\u0159ekr\u00e1sn\u00fdmi v\u00fdhledy<\/h2>\t\t\t\t<\/div>\n\t\t\t\t<div class=\"elementor-element elementor-element-3133596 elementor-widget elementor-widget-text-editor\" data-id=\"3133596\" data-element_type=\"widget\" data-settings=\"{&quot;ekit_we_effect_on&quot;:&quot;none&quot;}\" data-widget_type=\"text-editor.default\">\n\t\t\t\t\t\t\t\t\t<p>S pln\u00fdm \u017ealudkem a odpo\u010dat\u00fdma nohama se vyd\u00e1te na zp\u00e1te\u010dn\u00ed cestu. Doporu\u010dujeme j\u00edt po stezce Hammerstielsteig m\u00edsto stejn\u00e9 trasy zp\u011bt.<\/p><p>Od kostela sta\u010d\u00ed sledovat sm\u011brovky \"Hammerstielsteig\" nebo \"Kugelm\u00fchle\". Nejprve v\u00e1s cesta zavede na otev\u0159enou louku s jedn\u00edm z nejkr\u00e1sn\u011bj\u0161\u00edch panoramatick\u00fdch v\u00fdhled\u016f cel\u00e9 t\u00fary. Majest\u00e1tn\u00ed Untersberg se p\u0159ed v\u00e1mi ty\u010d\u00ed v cel\u00e9 sv\u00e9 kr\u00e1se.<\/p><p>Po chv\u00edli koch\u00e1n\u00ed vstoup\u00edte do stinn\u00e9ho sm\u00ed\u0161en\u00e9ho lesa, kde stezka za\u010d\u00edn\u00e1 klesat a zu\u017euje se. Cesta vede v serpentin\u00e1ch, m\u00edsty po ko\u0159enech a p\u0159\u00edrodn\u00edch sch\u016fdc\u00edch. Tahle \u010d\u00e1st je trochu n\u00e1ro\u010dn\u011bj\u0161\u00ed ne\u017e v\u00fdstup \u2013 obzvl\u00e1\u0161\u0165 za mokra je pot\u0159eba na\u0161lapovat opatrn\u011b.<\/p>\t\t\t\t\t\t\t\t<\/div>\n\t\t\t\t<div class=\"elementor-element elementor-element-975f5cd elementor-widget elementor-widget-heading\" data-id=\"975f5cd\" data-element_type=\"widget\" data-settings=\"{&quot;ekit_we_effect_on&quot;:&quot;none&quot;}\" data-widget_type=\"heading.default\">\n\t\t\t\t\t<h2 class=\"elementor-heading-title elementor-size-default\">Almbachklamm - T\u00fara, kter\u00e1 n\u00e1s prost\u011b poka\u017ed\u00e9 nadchne<\/h2>\t\t\t\t<\/div>\n\t\t\t\t<div class=\"elementor-element elementor-element-7f2aaea elementor-widget elementor-widget-text-editor\" data-id=\"7f2aaea\" data-element_type=\"widget\" data-settings=\"{&quot;ekit_we_effect_on&quot;:&quot;none&quot;}\" data-widget_type=\"text-editor.default\">\n\t\t\t\t\t\t\t\t\t<p>Okru\u017en\u00ed t\u00fara sout\u011bskou Almbachklamm p\u0159es Ettenberg pat\u0159\u00ed mezi na\u0161e nejobl\u00edben\u011bj\u0161\u00ed v\u00fdlety v cel\u00e9m Berchtesgadensku \u2013 a nen\u00ed to n\u00e1hoda. Je to t\u00edm, jak dokonale kombinuje v\u0161echny ingredience skv\u011bl\u00e9ho v\u00fdletu do p\u0159\u00edrody.<\/p><p>Nejprve v\u00e1s okouzl\u00ed dramatick\u00e1 sout\u011bska s bur\u00e1cej\u00edc\u00ed vodou, mosty a vodop\u00e1dy. Pak n\u00e1sleduje p\u0159\u00edjemn\u00fd v\u00fdstup lesem, kde si pro\u010dist\u00edte hlavu a nadechnete se \u010derstv\u00e9ho horsk\u00e9ho vzduchu. Odm\u011bnou za v\u00fdstup je nejen barokn\u00ed kr\u00e1sa kostela, ale i tradi\u010dn\u00ed ob\u010derstven\u00ed a panoramatick\u00e9 v\u00fdhledy, kter\u00e9 berou dech. A nakonec sestup jinou cestou, kter\u00fd p\u0159id\u00e1v\u00e1 cel\u00e9mu v\u00fdletu na pestrosti.<\/p><p>Almbachklamm doporu\u010dujeme v\u0161em na\u0161im p\u0159\u00e1tel\u016fm i host\u016fm, kte\u0159\u00ed k n\u00e1m do Berchtesgadenu zav\u00edtaj\u00ed. A v\u00edte co? V\u011bt\u0161ina z nich n\u00e1m pak d\u011bkuje, \u017ee to byl jeden z vrchol\u016f jejich dovolen\u00e9. A p\u0159esn\u011b pro tyhle momenty sd\u00edlen\u00e9 radosti tak r\u00e1di p\u00ed\u0161eme na\u0161e tipy na v\u00fdlety!<\/p>\t\t\t\t\t\t\t\t<\/div>\n\t\t\t\t<div class=\"elementor-element elementor-element-8119838 elementor-widget elementor-widget-heading\" data-id=\"8119838\" data-element_type=\"widget\" data-settings=\"{&quot;ekit_we_effect_on&quot;:&quot;none&quot;}\" data-widget_type=\"heading.default\">\n\t\t\t\t\t<h2 class=\"elementor-heading-title elementor-size-default\">\u010casto kladen\u00e9 dotazy o t\u00fa\u0159e sout\u011bskou Almbachklamm<\/h2>\t\t\t\t<\/div>\n\t\t\t\t<div class=\"elementor-element elementor-element-57e6d3c elementor-widget elementor-widget-n-accordion\" data-id=\"57e6d3c\" data-element_type=\"widget\" data-settings=\"{&quot;default_state&quot;:&quot;expanded&quot;,&quot;max_items_expended&quot;:&quot;one&quot;,&quot;n_accordion_animation_duration&quot;:{&quot;unit&quot;:&quot;ms&quot;,&quot;size&quot;:400,&quot;sizes&quot;:[]},&quot;ekit_we_effect_on&quot;:&quot;none&quot;}\" data-widget_type=\"nested-accordion.default\">\n\t\t\t\t\t\t\t<div class=\"e-n-accordion\" aria-label=\"Accordion. Open links with Enter or Space, close with Escape, and navigate with Arrow Keys\">\n\t\t\t\t\t\t<details id=\"e-n-accordion-item-9210\" class=\"e-n-accordion-item\" open>\n\t\t\t\t<summary class=\"e-n-accordion-item-title\" data-accordion-index=\"1\" tabindex=\"0\" aria-expanded=\"true\" aria-controls=\"e-n-accordion-item-9210\" >\n\t\t\t\t\t<span class='e-n-accordion-item-title-header'><div class=\"e-n-accordion-item-title-text\"> Jak n\u00e1ro\u010dn\u00e1 je t\u00fara sout\u011bskou Almbachklamm? <\/div><\/span>\n\t\t\t\t\t\t\t<span class='e-n-accordion-item-title-icon'>\n\t\t\t<span class='e-opened' ><i aria-hidden=\"true\" class=\"fas fa-minus\"><\/i><\/span>\n\t\t\t<span class='e-closed'><i aria-hidden=\"true\" class=\"fas fa-plus\"><\/i><\/span>\n\t\t<\/span>\n\n\t\t\t\t\t\t<\/summary>\n\t\t\t\t<div role=\"region\" aria-labelledby=\"e-n-accordion-item-9210\" class=\"elementor-element elementor-element-4540160 e-con-full e-flex e-con e-child\" data-id=\"4540160\" data-element_type=\"container\" data-settings=\"{&quot;ekit_has_onepagescroll_dot&quot;:&quot;yes&quot;}\">\n\t\t\t\t<div class=\"elementor-element elementor-element-13a1e80 elementor-widget elementor-widget-text-editor\" data-id=\"13a1e80\" data-element_type=\"widget\" data-settings=\"{&quot;ekit_we_effect_on&quot;:&quot;none&quot;}\" data-widget_type=\"text-editor.default\">\n\t\t\t\t\t\t\t\t\t<p>Okru\u017en\u00ed t\u00fara sout\u011bskou Almbachklamm p\u0159es Ettenberg je st\u0159edn\u011b n\u00e1ro\u010dn\u00e1. Cesta sout\u011bskou je dob\u0159e upraven\u00e1, ale za de\u0161t\u011b m\u016f\u017ee b\u00fdt kluzk\u00e1. V\u00fdstup na Ettenberg vy\u017eaduje ur\u010ditou z\u00e1kladn\u00ed kondici, ale lze jej zvl\u00e1dnout bez technick\u00fdch obt\u00ed\u017e\u00ed. Sestup po stezce Hammerstielsteig je nejn\u00e1ro\u010dn\u011bj\u0161\u00ed \u010d\u00e1st\u00ed, zejm\u00e9na za vlhka.<\/p>\t\t\t\t\t\t\t\t<\/div>\n\t\t\t\t<\/div>\n\t\t\t\t\t<\/details>\n\t\t\t\t\t\t<details id=\"e-n-accordion-item-9211\" class=\"e-n-accordion-item\" >\n\t\t\t\t<summary class=\"e-n-accordion-item-title\" data-accordion-index=\"2\" tabindex=\"-1\" aria-expanded=\"false\" aria-controls=\"e-n-accordion-item-9211\" >\n\t\t\t\t\t<span class='e-n-accordion-item-title-header'><div class=\"e-n-accordion-item-title-text\"> Jak dlouho trv\u00e1 cel\u00e1 t\u00fara sout\u011bskou Almbachklamm? <\/div><\/span>\n\t\t\t\t\t\t\t<span class='e-n-accordion-item-title-icon'>\n\t\t\t<span class='e-opened' ><i aria-hidden=\"true\" class=\"fas fa-minus\"><\/i><\/span>\n\t\t\t<span class='e-closed'><i aria-hidden=\"true\" class=\"fas fa-plus\"><\/i><\/span>\n\t\t<\/span>\n\n\t\t\t\t\t\t<\/summary>\n\t\t\t\t<div role=\"region\" aria-labelledby=\"e-n-accordion-item-9211\" class=\"elementor-element elementor-element-ef507f7 e-con-full e-flex e-con e-child\" data-id=\"ef507f7\" data-element_type=\"container\" data-settings=\"{&quot;ekit_has_onepagescroll_dot&quot;:&quot;yes&quot;}\">\n\t\t\t\t<div class=\"elementor-element elementor-element-98c5a4c elementor-widget elementor-widget-text-editor\" data-id=\"98c5a4c\" data-element_type=\"widget\" data-settings=\"{&quot;ekit_we_effect_on&quot;:&quot;none&quot;}\" data-widget_type=\"text-editor.default\">\n\t\t\t\t\t\t\t\t\t\u010cist\u00e1 doba ch\u016fze je p\u0159ibli\u017en\u011b 3-3,5 hodiny. S p\u0159est\u00e1vkami a zast\u00e1vkou v hostinci Messnerwirt byste m\u011bli po\u010d\u00edtat celkem s 4-5 hodinami.\t\t\t\t\t\t\t\t<\/div>\n\t\t\t\t<\/div>\n\t\t\t\t\t<\/details>\n\t\t\t\t\t\t<details id=\"e-n-accordion-item-9212\" class=\"e-n-accordion-item\" >\n\t\t\t\t<summary class=\"e-n-accordion-item-title\" data-accordion-index=\"3\" tabindex=\"-1\" aria-expanded=\"false\" aria-controls=\"e-n-accordion-item-9212\" >\n\t\t\t\t\t<span class='e-n-accordion-item-title-header'><div class=\"e-n-accordion-item-title-text\"> Je t\u00fara sout\u011bskou Almbachklamm mo\u017en\u00e1 za ka\u017ed\u00e9ho po\u010das\u00ed? <\/div><\/span>\n\t\t\t\t\t\t\t<span class='e-n-accordion-item-title-icon'>\n\t\t\t<span class='e-opened' ><i aria-hidden=\"true\" class=\"fas fa-minus\"><\/i><\/span>\n\t\t\t<span class='e-closed'><i aria-hidden=\"true\" class=\"fas fa-plus\"><\/i><\/span>\n\t\t<\/span>\n\n\t\t\t\t\t\t<\/summary>\n\t\t\t\t<div role=\"region\" aria-labelledby=\"e-n-accordion-item-9212\" class=\"elementor-element elementor-element-16bc66c e-con-full e-flex e-con e-child\" data-id=\"16bc66c\" data-element_type=\"container\" data-settings=\"{&quot;ekit_has_onepagescroll_dot&quot;:&quot;yes&quot;}\">\n\t\t\t\t<div class=\"elementor-element elementor-element-a6eb0e5 elementor-widget elementor-widget-text-editor\" data-id=\"a6eb0e5\" data-element_type=\"widget\" data-settings=\"{&quot;ekit_we_effect_on&quot;:&quot;none&quot;}\" data-widget_type=\"text-editor.default\">\n\t\t\t\t\t\t\t\t\tZa lehk\u00e9ho de\u0161t\u011b je t\u00fara provediteln\u00e1, ale cesty mohou b\u00fdt kluzk\u00e9. P\u0159i siln\u00e9m de\u0161ti, bou\u0159ce nebo po del\u0161\u00edch de\u0161tiv\u00fdch obdob\u00edch m\u016f\u017ee b\u00fdt sout\u011bska z bezpe\u010dnostn\u00edch d\u016fvod\u016f uzav\u0159ena. V zim\u011b je sout\u011bska obecn\u011b uzav\u0159ena.\t\t\t\t\t\t\t\t<\/div>\n\t\t\t\t<\/div>\n\t\t\t\t\t<\/details>\n\t\t\t\t\t\t<details id=\"e-n-accordion-item-9213\" class=\"e-n-accordion-item\" >\n\t\t\t\t<summary class=\"e-n-accordion-item-title\" data-accordion-index=\"4\" tabindex=\"-1\" aria-expanded=\"false\" aria-controls=\"e-n-accordion-item-9213\" >\n\t\t\t\t\t<span class='e-n-accordion-item-title-header'><div class=\"e-n-accordion-item-title-text\"> Existuj\u00ed dal\u0161\u00ed t\u00fary sout\u011bskou Almbachklamm? <\/div><\/span>\n\t\t\t\t\t\t\t<span class='e-n-accordion-item-title-icon'>\n\t\t\t<span class='e-opened' ><i aria-hidden=\"true\" class=\"fas fa-minus\"><\/i><\/span>\n\t\t\t<span class='e-closed'><i aria-hidden=\"true\" class=\"fas fa-plus\"><\/i><\/span>\n\t\t<\/span>\n\n\t\t\t\t\t\t<\/summary>\n\t\t\t\t<div role=\"region\" aria-labelledby=\"e-n-accordion-item-9213\" class=\"elementor-element elementor-element-cc8878f e-con-full e-flex e-con e-child\" data-id=\"cc8878f\" data-element_type=\"container\" data-settings=\"{&quot;ekit_has_onepagescroll_dot&quot;:&quot;yes&quot;}\">\n\t\t\t\t<div class=\"elementor-element elementor-element-f6b1a53 elementor-widget elementor-widget-text-editor\" data-id=\"f6b1a53\" data-element_type=\"widget\" data-settings=\"{&quot;ekit_we_effect_on&quot;:&quot;none&quot;}\" data-widget_type=\"text-editor.default\">\n\t\t\t\t\t\t\t\t\t<p>Ano, existuj\u00ed r\u016fzn\u00e9 varianty:<\/p><p class=\"translation-block\"><strong>Pouze sout\u011bska:<\/strong> M\u016f\u017ee\u0161 j\u00edt sout\u011bskou Almbachklamm tam a zp\u011bt (cca 2 hodiny)<br><strong>P\u0159es Maria Gern a D\u00fcrrlehen:<\/strong> Od Theresienklause nejdete doprava k Ettenbergu, ale d\u00e1le sm\u011brem k D\u00fcrrlehenu a Maria Gern. Pot\u00e9 m\u016f\u017eete bu\u010f jet autobusem dol\u016f do Berchtesgadenu nebo se p\u011b\u0161ky vydat na v\u00fdlet do centra Berchtesgadenu. N\u00e1sledn\u011b se vr\u00e1t\u00edte autobusem linky 840 zp\u011bt ke Kugelm\u00fchle. <br><br>S G\u00e4stekarte (turistickou karti\u010dkou) mimochodem zdarma.<\/p>\t\t\t\t\t\t\t\t<\/div>\n\t\t\t\t<\/div>\n\t\t\t\t\t<\/details>\n\t\t\t\t\t<\/div>\n\t\t\t\t\t<script type=\"application\/ld+json\">{\"@context\":\"https:\\\/\\\/schema.org\",\"@type\":\"FAQPage\",\"mainEntity\":[{\"@type\":\"Question\",\"name\":\"Wie anspruchsvoll ist die Wanderung durch die Almbachklamm?\",\"acceptedAnswer\":{\"@type\":\"Answer\",\"text\":\"Die Rundwanderung durch die Almbachklamm \\u00fcber Ettenberg ist mittelschwer. Der Weg durch die Klamm ist gut ausgebaut, aber kann bei Regen rutschig sein. Der Aufstieg nach Ettenberg erfordert eine gewisse Grundkondition, ist aber ohne technische Schwierigkeiten zu bew\\u00e4ltigen. Der Abstieg \\u00fcber den Hammerstielsteig ist der anspruchsvollste Teil, besonders bei N\\u00e4sse.\"}},{\"@type\":\"Question\",\"name\":\"Wie lange dauert die gesamte Wanderung durch die Almbachklamm?\",\"acceptedAnswer\":{\"@type\":\"Answer\",\"text\":\"Die reine Gehzeit betr\\u00e4gt etwa 3-3,5 Stunden. Mit Pausen und einer Einkehr beim Messnerwirt solltest du insgesamt 4-5 Stunden einplanen.\"}},{\"@type\":\"Question\",\"name\":\"Ist die Almbachklamm-Wanderung bei jedem Wetter m\\u00f6glich?\",\"acceptedAnswer\":{\"@type\":\"Answer\",\"text\":\"Bei leichtem Regen ist die Wanderung machbar, aber die Wege k\\u00f6nnen rutschig werden. Bei starkem Regen, Gewitter oder nach l\\u00e4ngeren Regenperioden kann die Klamm aus Sicherheitsgr\\u00fcnden geschlossen sein. Im Winter ist die Klamm generell geschlossen.\"}},{\"@type\":\"Question\",\"name\":\"Gibt es weitere Wanderungen durch die Almbachklamm?\",\"acceptedAnswer\":{\"@type\":\"Answer\",\"text\":\"Ja, es gibt verschiedene Varianten:Nur die Klamm: Du kannst die Almbachklamm als Hin- und R\\u00fcckweg gehen (ca. 2 Stunden)Nach Maria Gern und D\\u00fcrrlehen: Von der Theresienklause gehst du nicht nach rechts zum Ettenberg sondern weiter Richtung D\\u00fcrrlehen und Maria Gern. Danach kannst du entweder mit dem Bus runter nach Berchtesgaden fahren oder zu Fu\\u00df einen Abstecher ins Zentrum von Berchtesgaden machen. Anschlie\\u00dfend f\\u00e4hrst du mit dem Bus der Linie 840 zur\\u00fcck zur Kugelm\\u00fchle.\\u00a0Mit der G\\u00e4stekarte \\u00fcbrigens kostenlos.\"}}]}<\/script>\n\t\t\t\t\t\t\t<\/div>\n\t\t\t\t<\/article>\n\t\t\t\t\t<\/div>\n\t\t\t\t<\/main>\n\t\t\t\t<\/div>","protected":false},"excerpt":{"rendered":"<p>Die Almbachklamm ist eine unserer liebsten Wanderungen im Berchtesgadener Land und der Rundweg \u00fcber Ettenberg ist definitiv die beste Option, um sie zu erkunden. Warum? Weil sie die perfekte Mischung aus allem bietet, was eine gute Wanderung ausmacht: beeindruckende Natur, ein bisschen Abenteuer, kulturelle H\u00f6hepunkte und eine gem\u00fctliche Einkehrm\u00f6glichkeit. Der Rundweg von der Kugelm\u00fchle durch [&hellip;]<\/p>","protected":false},"author":1,"featured_media":25259,"comment_status":"open","ping_status":"open","sticky":false,"template":"","format":"standard","meta":{"footnotes":""},"categories":[44,46],"tags":[],"class_list":["post-27020","post","type-post","status-publish","format-standard","has-post-thumbnail","hentry","category-klamm","category-wanderung"],"_links":{"self":[{"href":"https:\/\/berchtesgadenerleben.de\/cs\/wp-json\/wp\/v2\/posts\/27020","targetHints":{"allow":["GET"]}}],"collection":[{"href":"https:\/\/berchtesgadenerleben.de\/cs\/wp-json\/wp\/v2\/posts"}],"about":[{"href":"https:\/\/berchtesgadenerleben.de\/cs\/wp-json\/wp\/v2\/types\/post"}],"author":[{"embeddable":true,"href":"https:\/\/berchtesgadenerleben.de\/cs\/wp-json\/wp\/v2\/users\/1"}],"replies":[{"embeddable":true,"href":"https:\/\/berchtesgadenerleben.de\/cs\/wp-json\/wp\/v2\/comments?post=27020"}],"version-history":[{"count":26,"href":"https:\/\/berchtesgadenerleben.de\/cs\/wp-json\/wp\/v2\/posts\/27020\/revisions"}],"predecessor-version":[{"id":27606,"href":"https:\/\/berchtesgadenerleben.de\/cs\/wp-json\/wp\/v2\/posts\/27020\/revisions\/27606"}],"wp:featuredmedia":[{"embeddable":true,"href":"https:\/\/berchtesgadenerleben.de\/cs\/wp-json\/wp\/v2\/media\/25259"}],"wp:attachment":[{"href":"https:\/\/berchtesgadenerleben.de\/cs\/wp-json\/wp\/v2\/media?parent=27020"}],"wp:term":[{"taxonomy":"category","embeddable":true,"href":"https:\/\/berchtesgadenerleben.de\/cs\/wp-json\/wp\/v2\/categories?post=27020"},{"taxonomy":"post_tag","embeddable":true,"href":"https:\/\/berchtesgadenerleben.de\/cs\/wp-json\/wp\/v2\/tags?post=27020"}],"curies":[{"name":"wp","href":"https:\/\/api.w.org\/{rel}","templated":true}]}}