{"id":26286,"date":"2022-05-29T19:38:57","date_gmt":"2022-05-29T19:38:57","guid":{"rendered":"https:\/\/berchtesgadenerleben.de\/?p=26286"},"modified":"2025-10-21T12:25:04","modified_gmt":"2025-10-21T12:25:04","slug":"hans-peter-porsche-traumwerk","status":"publish","type":"post","link":"https:\/\/berchtesgadenerleben.de\/cs\/hans-peter-porsche-traumwerk\/","title":{"rendered":"Hans-Peter Porsche Traumwerk"},"content":{"rendered":"<div data-elementor-type=\"wp-post\" data-elementor-id=\"26286\" class=\"elementor elementor-26286\" data-elementor-post-type=\"post\">\n\t\t\t\t<main class=\"elementor-element elementor-element-c826e05 e-flex e-con-boxed e-con e-parent\" data-id=\"c826e05\" data-element_type=\"container\" data-settings=\"{&quot;ekit_has_onepagescroll_dot&quot;:&quot;yes&quot;}\">\n\t\t\t\t\t<div class=\"e-con-inner\">\n\t\t<article class=\"elementor-element elementor-element-4303726 e-con-full e-flex e-con e-child\" data-id=\"4303726\" data-element_type=\"container\" data-settings=\"{&quot;ekit_has_onepagescroll_dot&quot;:&quot;yes&quot;}\">\n\t\t\t\t<div class=\"elementor-element elementor-element-235a355 elementor-widget elementor-widget-text-editor\" data-id=\"235a355\" data-element_type=\"widget\" data-settings=\"{&quot;ekit_we_effect_on&quot;:&quot;none&quot;}\" data-widget_type=\"text-editor.default\">\n\t\t\t\t\t\t\t\t\t<p class=\"translation-block\">V malebn\u00e9 vesni\u010dce Anger, jen p\u016fl hodinky j\u00edzdy od Berchtesgadenu, vybudoval Hans-Peter Porsche sv\u016fj Traumwerk \u2013 a tento n\u00e1zev \"tov\u00e1rna sn\u016f\" je opravdu trefn\u00fd. Na plo\u0161e 32 000 m\u00b2 zde o\u017e\u00edv\u00e1 celo\u017eivotn\u00ed v\u00e1\u0161e\u0148 vnuka slavn\u00e9ho automobilov\u00e9ho konstrukt\u00e9ra \u2013 <b>historick\u00e9 plechov\u00e9 hra\u010dky, modelov\u00e9 \u017eeleznice a sportovn\u00ed vozy Porsche<\/b>.<\/p><p>Hned na \u00favod: tohle prost\u011b mus\u00edte vid\u011bt na vlastn\u00ed o\u010di! Traumwerk \u010dasto doporu\u010duj\u00ed jako program pro de\u0161tiv\u00e9 dny, ale v\u011b\u0159te n\u00e1m \u2013 zaslou\u017e\u00ed si m\u00edsto na va\u0161em seznamu za ka\u017ed\u00e9ho po\u010das\u00ed.<\/p><p class=\"translation-block\">A po\u010d\u00edtejte s t\u00edm, \u017ee prohl\u00eddce v\u011bnujete minim\u00e1ln\u011b 3-4 hodiny.<\/p>\t\t\t\t\t\t\t\t<\/div>\n\t\t\t\t<div class=\"elementor-element elementor-element-6548e77 elementor-widget elementor-widget-image\" data-id=\"6548e77\" data-element_type=\"widget\" data-settings=\"{&quot;ekit_we_effect_on&quot;:&quot;none&quot;}\" data-widget_type=\"image.default\">\n\t\t\t\t\t\t\t\t\t\t\t\t\t\t\t<img fetchpriority=\"high\" decoding=\"async\" width=\"1280\" height=\"721\" src=\"https:\/\/berchtesgadenerleben.de\/wp-content\/uploads\/2022\/05\/traumwerk-modeleisenbahn-tag.jpg\" class=\"attachment-full size-full wp-image-26309\" alt=\"Modelleisenbahn im Hans-Peter Porsche Traumwerk\" srcset=\"https:\/\/berchtesgadenerleben.de\/wp-content\/uploads\/2022\/05\/traumwerk-modeleisenbahn-tag.jpg 1280w, https:\/\/berchtesgadenerleben.de\/wp-content\/uploads\/2022\/05\/traumwerk-modeleisenbahn-tag-300x169.jpg 300w, https:\/\/berchtesgadenerleben.de\/wp-content\/uploads\/2022\/05\/traumwerk-modeleisenbahn-tag-1024x577.jpg 1024w, https:\/\/berchtesgadenerleben.de\/wp-content\/uploads\/2022\/05\/traumwerk-modeleisenbahn-tag-768x433.jpg 768w\" sizes=\"(max-width: 1280px) 100vw, 1280px\" \/>\t\t\t\t\t\t\t\t\t\t\t\t\t\t\t<\/div>\n\t\t\t\t<div class=\"elementor-element elementor-element-bdf331b elementor-widget elementor-widget-heading\" data-id=\"bdf331b\" data-element_type=\"widget\" data-settings=\"{&quot;ekit_we_effect_on&quot;:&quot;none&quot;}\" data-widget_type=\"heading.default\">\n\t\t\t\t\t<h2 class=\"elementor-heading-title elementor-size-default\">Modelov\u00e1 \u017eeleznice, kter\u00e1 v\u00e1s vr\u00e1t\u00ed do d\u011btstv\u00ed<\/h2>\t\t\t\t<\/div>\n\t\t\t\t<div class=\"elementor-element elementor-element-6709edf elementor-widget elementor-widget-text-editor\" data-id=\"6709edf\" data-element_type=\"widget\" data-settings=\"{&quot;ekit_we_effect_on&quot;:&quot;none&quot;}\" data-widget_type=\"text-editor.default\">\n\t\t\t\t\t\t\t\t\t<p>Bezkonkuren\u010dn\u00edm klenotem je impozantn\u00ed modelov\u00e1 \u017eeleznice o rozloze 400 m\u00b2.<\/p><p>Na koleji\u0161ti dlouh\u00e9m 2,7 km sou\u010dasn\u011b proj\u00ed\u017ed\u00ed a\u017e 80 vlak\u016f! Detailn\u011b propracovan\u00e9 krajiny N\u011bmecka, Rakouska a \u0160v\u00fdcarska, 8 000 ru\u010dn\u011b malovan\u00fdch figurek a 80 000 strom\u016f a budov \u2013 to nen\u00ed jen modelov\u00e1 \u017eeleznice, to je mal\u00fd sv\u011bt pln\u00fd p\u0159\u00edb\u011bh\u016f.<\/p><p>Zaj\u00edmavost\u00ed t\u00e9to \u017eeleznice je propracovan\u00fd syst\u00e9m st\u0159\u00edd\u00e1n\u00ed dne a noci. T\u0159icet projektor\u016f zaji\u0161\u0165uje 17minutov\u00e9 cykly, b\u011bhem kter\u00fdch se prostor postupn\u011b zatemn\u00ed a v domech a ulic\u00edch se rozsv\u00edt\u00ed tis\u00edce mal\u00fdch sv\u011btel.<\/p><p>Dok\u00e1zali bychom tam pok\u00e1\u017ed\u00e9 str\u00e1vit je\u0161t\u011b dal\u0161\u00ed hodiny.<\/p>\t\t\t\t\t\t\t\t<\/div>\n\t\t\t\t<div class=\"elementor-element elementor-element-d5bd179 elementor-widget elementor-widget-image\" data-id=\"d5bd179\" data-element_type=\"widget\" data-settings=\"{&quot;ekit_we_effect_on&quot;:&quot;none&quot;}\" data-widget_type=\"image.default\">\n\t\t\t\t\t\t\t\t\t\t\t\t\t\t\t<img decoding=\"async\" width=\"1280\" height=\"720\" src=\"https:\/\/berchtesgadenerleben.de\/wp-content\/uploads\/2022\/05\/traumwerk-blechspielzeug.jpg\" class=\"attachment-full size-full wp-image-26307\" alt=\"Blechspielzeugsammlung im Hans-Peter Porsche Traumwerk\" srcset=\"https:\/\/berchtesgadenerleben.de\/wp-content\/uploads\/2022\/05\/traumwerk-blechspielzeug.jpg 1280w, https:\/\/berchtesgadenerleben.de\/wp-content\/uploads\/2022\/05\/traumwerk-blechspielzeug-300x169.jpg 300w, https:\/\/berchtesgadenerleben.de\/wp-content\/uploads\/2022\/05\/traumwerk-blechspielzeug-1024x576.jpg 1024w, https:\/\/berchtesgadenerleben.de\/wp-content\/uploads\/2022\/05\/traumwerk-blechspielzeug-768x432.jpg 768w\" sizes=\"(max-width: 1280px) 100vw, 1280px\" \/>\t\t\t\t\t\t\t\t\t\t\t\t\t\t\t<\/div>\n\t\t\t\t<div class=\"elementor-element elementor-element-09624a1 elementor-widget elementor-widget-heading\" data-id=\"09624a1\" data-element_type=\"widget\" data-settings=\"{&quot;ekit_we_effect_on&quot;:&quot;none&quot;}\" data-widget_type=\"heading.default\">\n\t\t\t\t\t<h2 class=\"elementor-heading-title elementor-size-default\">Unik\u00e1tn\u00ed sb\u00edrka plechov\u00fdch hra\u010dek<\/h2>\t\t\t\t<\/div>\n\t\t\t\t<div class=\"elementor-element elementor-element-fc8ccf7 elementor-widget elementor-widget-text-editor\" data-id=\"fc8ccf7\" data-element_type=\"widget\" data-settings=\"{&quot;ekit_we_effect_on&quot;:&quot;none&quot;}\" data-widget_type=\"text-editor.default\">\n\t\t\t\t\t\t\t\t\t<p>V budov\u011b tvaru osmi\u010dky \"Der Achter\" objev\u00edte nejv\u011bt\u0161\u00ed ve\u0159ejn\u011b p\u0159\u00edstupnou soukromou sb\u00edrku plechov\u00fdch hra\u010dek v Evrop\u011b.<\/p><p>V\u00edce ne\u017e 2 100 expon\u00e1t\u016f vypr\u00e1v\u00ed p\u0159\u00edb\u011bh zlat\u00e9 \u00e9ry plechov\u00fdch hra\u010dek od roku 1860 do roku 1930.<\/p><p>Propracovan\u00e9 miniaturn\u00ed koloto\u010de s funk\u010dn\u00edmi pohony, lokomotivy v cen\u011b rodinn\u00e9ho domu, hra\u010dky od legend\u00e1rn\u00edch v\u00fdrobc\u016f jako M\u00e4rklin.<\/p><p>Tak rozs\u00e1hlou sb\u00edrku plechov\u00fdch hra\u010dek v takov\u00e9 rozmanitosti a vz\u00e1cnosti jsme je\u0161t\u011b nikde nevid\u011bli a pova\u017eujeme ji za opravdov\u00fd vrchol expozice.<\/p><p>Nejednomu n\u00e1v\u0161t\u011bvn\u00edkovi p\u0159i pohledu na tyto poklady zableskne v oku nostalgick\u00e1 slza a mo\u017en\u00e1 i my\u0161lenka: \"Tohle jsem tak\u00e9 kdysi m\u011bl...\"<\/p>\t\t\t\t\t\t\t\t<\/div>\n\t\t\t\t<div class=\"elementor-element elementor-element-758d5ea elementor-widget elementor-widget-image\" data-id=\"758d5ea\" data-element_type=\"widget\" data-settings=\"{&quot;ekit_we_effect_on&quot;:&quot;none&quot;}\" data-widget_type=\"image.default\">\n\t\t\t\t\t\t\t\t\t\t\t\t\t\t\t<img decoding=\"async\" width=\"1280\" height=\"720\" src=\"https:\/\/berchtesgadenerleben.de\/wp-content\/uploads\/2022\/05\/traumwerk-parkbahn.jpg\" class=\"attachment-full size-full wp-image-26310\" alt=\"Die Parkeisenbahn im Hans-Peter Porsche Traumwerk\" srcset=\"https:\/\/berchtesgadenerleben.de\/wp-content\/uploads\/2022\/05\/traumwerk-parkbahn.jpg 1280w, https:\/\/berchtesgadenerleben.de\/wp-content\/uploads\/2022\/05\/traumwerk-parkbahn-300x169.jpg 300w, https:\/\/berchtesgadenerleben.de\/wp-content\/uploads\/2022\/05\/traumwerk-parkbahn-1024x576.jpg 1024w, https:\/\/berchtesgadenerleben.de\/wp-content\/uploads\/2022\/05\/traumwerk-parkbahn-768x432.jpg 768w\" sizes=\"(max-width: 1280px) 100vw, 1280px\" \/>\t\t\t\t\t\t\t\t\t\t\t\t\t\t\t<\/div>\n\t\t\t\t<div class=\"elementor-element elementor-element-3cfb34b elementor-widget elementor-widget-heading\" data-id=\"3cfb34b\" data-element_type=\"widget\" data-settings=\"{&quot;ekit_we_effect_on&quot;:&quot;none&quot;}\" data-widget_type=\"heading.default\">\n\t\t\t\t\t<h2 class=\"elementor-heading-title elementor-size-default\">Dokonal\u00fd v\u00fdlet pro celou rodinu za ka\u017ed\u00e9ho po\u010das\u00ed<\/h2>\t\t\t\t<\/div>\n\t\t\t\t<div class=\"elementor-element elementor-element-e2eb6c5 elementor-widget elementor-widget-text-editor\" data-id=\"e2eb6c5\" data-element_type=\"widget\" data-settings=\"{&quot;ekit_we_effect_on&quot;:&quot;none&quot;}\" data-widget_type=\"text-editor.default\">\n\t\t\t\t\t\t\t\t\t<p>Hans-Peter Porsche Traumwerk je pro n\u00e1s perfektn\u00edm tipem na v\u00fdlet p\u0159i de\u0161tiv\u00e9m po\u010das\u00ed v okol\u00ed Berchtesgadenu. Zat\u00edmco venku leje jak z konve, m\u016f\u017eete uvnit\u0159 str\u00e1vit hodiny proch\u00e1zen\u00edm fascinuj\u00edc\u00edch expozic.<\/p><p class=\"translation-block\">Ale i za slune\u010dn\u00e9ho po\u010das\u00ed se n\u00e1v\u0161t\u011bva vyplat\u00ed, proto\u017ee rozlehl\u00fd venkovn\u00ed are\u00e1l nab\u00edz\u00ed \u0159adu atrakc\u00ed.\nDobrodru\u017en\u00e9 h\u0159i\u0161t\u011b o rozloze 25 000 m\u00b2 poskytuje venkovn\u00ed z\u00e1bavu, zat\u00edmco 1,3 km dlouh\u00e1 parkov\u00e1 \u017eeleznice nadchne d\u011bti j\u00edzdami malebn\u00fdm are\u00e1lem.<\/p><p>Po prozkoum\u00e1n\u00ed expozic v\u00e1m doporu\u010dujeme n\u00e1v\u0161t\u011bvu <a title=\"Restaurace v Hans-Peter Porsche Traumwerk\" href=\"https:\/\/www.traumwerk.de\/gastronomie-2\/\" target=\"_blank\" rel=\"noopener\">m\u00edstn\u00ed restaurace<\/a> s panoramatickou terasou a v\u00fdhledem na Alpy.<\/p><p class=\"translation-block\">Kdy\u017e se v\u00e1m bude cht\u00edt, je\u010fte tam n\u011bkdy brzo a zkuste jejich vyhl\u00e1\u0161enou \"sn\u00eddani sn\u016f\" (Traumfr\u00fchst\u00fcck).<\/p>\t\t\t\t\t\t\t\t<\/div>\n\t\t\t\t<div class=\"elementor-element elementor-element-c6ed701 elementor-widget elementor-widget-image\" data-id=\"c6ed701\" data-element_type=\"widget\" data-settings=\"{&quot;ekit_we_effect_on&quot;:&quot;none&quot;}\" data-widget_type=\"image.default\">\n\t\t\t\t\t\t\t\t\t\t\t\t\t\t\t<img loading=\"lazy\" decoding=\"async\" width=\"1280\" height=\"720\" src=\"https:\/\/berchtesgadenerleben.de\/wp-content\/uploads\/2022\/05\/traumwerk-wechselwerk.jpg\" class=\"attachment-full size-full wp-image-26312\" alt=\"Das Hans-Peter Porsche Wechselwerk mit Automobil Ausstellung\" srcset=\"https:\/\/berchtesgadenerleben.de\/wp-content\/uploads\/2022\/05\/traumwerk-wechselwerk.jpg 1280w, https:\/\/berchtesgadenerleben.de\/wp-content\/uploads\/2022\/05\/traumwerk-wechselwerk-300x169.jpg 300w, https:\/\/berchtesgadenerleben.de\/wp-content\/uploads\/2022\/05\/traumwerk-wechselwerk-1024x576.jpg 1024w, https:\/\/berchtesgadenerleben.de\/wp-content\/uploads\/2022\/05\/traumwerk-wechselwerk-768x432.jpg 768w\" sizes=\"(max-width: 1280px) 100vw, 1280px\" \/>\t\t\t\t\t\t\t\t\t\t\t\t\t\t\t<\/div>\n\t\t\t\t<div class=\"elementor-element elementor-element-ec312d5 elementor-widget elementor-widget-heading\" data-id=\"ec312d5\" data-element_type=\"widget\" data-settings=\"{&quot;ekit_we_effect_on&quot;:&quot;none&quot;}\" data-widget_type=\"heading.default\">\n\t\t\t\t\t<h2 class=\"elementor-heading-title elementor-size-default\">Praktick\u00e9 informace pro n\u00e1v\u0161t\u011bvu<\/h2>\t\t\t\t<\/div>\n\t\t\t\t<div class=\"elementor-element elementor-element-84edeca elementor-widget elementor-widget-heading\" data-id=\"84edeca\" data-element_type=\"widget\" data-settings=\"{&quot;ekit_we_effect_on&quot;:&quot;none&quot;}\" data-widget_type=\"heading.default\">\n\t\t\t\t\t<h3 class=\"elementor-heading-title elementor-size-default\">Otev\u00edrac\u00ed doba 2025<\/h3>\t\t\t\t<\/div>\n\t\t\t\t<div class=\"elementor-element elementor-element-4651ce4 elementor-widget elementor-widget-text-editor\" data-id=\"4651ce4\" data-element_type=\"widget\" data-settings=\"{&quot;ekit_we_effect_on&quot;:&quot;none&quot;}\" data-widget_type=\"text-editor.default\">\n\t\t\t\t\t\t\t\t\t\u00dater\u00fd-ned\u011ble: 9:00-17:30 (v pond\u011bl\u00ed zav\u0159eno, krom\u011b sv\u00e1tk\u016f)\t\t\t\t\t\t\t\t<\/div>\n\t\t\t\t<div class=\"elementor-element elementor-element-99c3b36 elementor-widget elementor-widget-heading\" data-id=\"99c3b36\" data-element_type=\"widget\" data-settings=\"{&quot;ekit_we_effect_on&quot;:&quot;none&quot;}\" data-widget_type=\"heading.default\">\n\t\t\t\t\t<h3 class=\"elementor-heading-title elementor-size-default\">Vstupn\u00e9 2025<\/h3>\t\t\t\t<\/div>\n\t\t\t\t<div class=\"elementor-element elementor-element-f76abb8 elementor-widget elementor-widget-text-editor\" data-id=\"f76abb8\" data-element_type=\"widget\" data-settings=\"{&quot;ekit_we_effect_on&quot;:&quot;none&quot;}\" data-widget_type=\"text-editor.default\">\n\t\t\t\t\t\t\t\t\t<p class=\"translation-block\">Dosp\u011bl\u00ed: 16 \u20ac<br>Ml\u00e1de\u017e (7-17 let): 11 \u20ac<br>D\u011bti do 6 let: zdarma<br>Rodinn\u00e9 vstupn\u00e9: 39 \u20ac (2 dosp\u011bl\u00ed + vlastn\u00ed d\u011bti)<\/p><p>S kartou hosta Berchtesgaden u\u0161et\u0159\u00edte 2 \u20ac na ka\u017edou vstupenku.<\/p>\t\t\t\t\t\t\t\t<\/div>\n\t\t\t\t<div class=\"elementor-element elementor-element-1b80d09 elementor-widget elementor-widget-text-editor\" data-id=\"1b80d09\" data-element_type=\"widget\" data-settings=\"{&quot;ekit_we_effect_on&quot;:&quot;none&quot;}\" data-widget_type=\"text-editor.default\">\n\t\t\t\t\t\t\t\t\t<p class=\"translation-block\">\ud83d\udccd<strong>Adresa:<\/strong> Zum Traumwerk 1, 83454 Anger-Aufham (30 min. od Berchtesgadenu)<\/p><p>Traumwerk najdete u N\u011bmeck\u00e9 Alpenstrasse (Deutsche Alpenstra\u00dfe), co\u017e z n\u011bj d\u011bl\u00e1 i ide\u00e1ln\u00ed zast\u00e1vku mezi Mnichovem a Salcburkem. K dispozici je bezplatn\u00e9 parkovi\u0161t\u011b v\u010detn\u011b dob\u00edjec\u00edch stanic pro elektromobily.<\/p><p class=\"translation-block\">\ud83d\udc49 <a href=\"https:\/\/www.traumwerk.de\/\" target=\"_blank\" rel=\"noopener\">Nav\u0161tivte ofici\u00e1ln\u00ed webov\u00e9 str\u00e1nky Hans-Peter Porsche Traumwerku<\/a><\/p>\t\t\t\t\t\t\t\t<\/div>\n\t\t\t\t<div class=\"elementor-element elementor-element-979b276 elementor-widget elementor-widget-google_maps\" data-id=\"979b276\" data-element_type=\"widget\" data-settings=\"{&quot;ekit_we_effect_on&quot;:&quot;none&quot;}\" data-widget_type=\"google_maps.default\">\n\t\t\t\t\t\t\t<div class=\"elementor-custom-embed\">\n\t\t\t<iframe loading=\"lazy\"\n\t\t\t\t\tsrc=\"https:\/\/maps.google.com\/maps?q=Hans-Peter%20Porsche%20Traumwerk&#038;t=m&#038;z=14&#038;output=embed&#038;iwloc=near\"\n\t\t\t\t\ttitle=\"Hans-Peter Porsche Traumwerk\"\n\t\t\t\t\taria-label=\"Hans-Peter Porsche Traumwerk\"\n\t\t\t><\/iframe>\n\t\t<\/div>\n\t\t\t\t\t\t<\/div>\n\t\t\t\t<div class=\"elementor-element elementor-element-000c5d2 elementor-widget elementor-widget-heading\" data-id=\"000c5d2\" data-element_type=\"widget\" data-settings=\"{&quot;ekit_we_effect_on&quot;:&quot;none&quot;}\" data-widget_type=\"heading.default\">\n\t\t\t\t\t<h2 class=\"elementor-heading-title elementor-size-default\">P\u016fsobiv\u00fd p\u0159\u00edb\u011bh za vznikem Hans-Peter Porsche Traumwerku<\/h2>\t\t\t\t<\/div>\n\t\t\t\t<div class=\"elementor-element elementor-element-580c9c6 elementor-widget elementor-widget-text-editor\" data-id=\"580c9c6\" data-element_type=\"widget\" data-settings=\"{&quot;ekit_we_effect_on&quot;:&quot;none&quot;}\" data-widget_type=\"text-editor.default\">\n\t\t\t\t\t\t\t\t\t<p>Co na Hans-Peter Porsche Traumwerku obzvl\u00e1\u0161t\u011b oce\u0148ujeme, je osobn\u00ed p\u0159\u00edb\u011bh. Hans-Peter Porsche, vnuk legend\u00e1rn\u00edho automobilov\u00e9ho pion\u00edra Ferdinanda Porscheho, za\u010dal sb\u00edrat modelov\u00e9 \u017eeleznice v roce 1977, kdy\u017e nakupoval pro sv\u00e9ho t\u0159\u00edlet\u00e9ho syna. To, co za\u010dalo jednoduchou soupravou H0 od firmy M\u00e4rklin, se b\u011bhem \u010dty\u0159 desetilet\u00ed rozvinulo v p\u016fsobivou sb\u00edrku.<\/p><p>M\u00edsto aby si tyto poklady nechal jen pro sebe, rozhodl se pod\u011blit o svou v\u00e1\u0161e\u0148 s ve\u0159ejnost\u00ed. \u201eCht\u011bl jsem, aby v\u0161ichni vid\u011bli, co v\u0161echno d\u0159\u00edve existovalo,\" vysv\u011btluje s jiskrou v oku.<\/p><p>\u010casto ho m\u016f\u017eete potkat p\u0159\u00edmo v muzeu, jak osobn\u011b prov\u00e1z\u00ed n\u00e1v\u0161t\u011bvn\u00edky a s naka\u017eliv\u00fdm nad\u0161en\u00edm vypr\u00e1v\u00ed p\u0159\u00edb\u011bhy sv\u00fdch expon\u00e1t\u016f.<\/p><p>Hans-Peter Porsche je viditeln\u011b hrd\u00fd na to, co vytvo\u0159il s Traumwerkem v Angeru, a my m\u016f\u017eeme jen \u0159\u00edct: naprosto opr\u00e1vn\u011bn\u011b!<\/p>\t\t\t\t\t\t\t\t<\/div>\n\t\t\t\t<div class=\"elementor-element elementor-element-0d746f1 elementor-widget elementor-widget-heading\" data-id=\"0d746f1\" data-element_type=\"widget\" data-settings=\"{&quot;ekit_we_effect_on&quot;:&quot;none&quot;}\" data-widget_type=\"heading.default\">\n\t\t\t\t\t<h2 class=\"elementor-heading-title elementor-size-default\">Pro\u010d Hans-Peter Porsche Traumwerk stoj\u00ed za n\u00e1v\u0161t\u011bvu<\/h2>\t\t\t\t<\/div>\n\t\t\t\t<div class=\"elementor-element elementor-element-dce6d08 elementor-widget elementor-widget-text-editor\" data-id=\"dce6d08\" data-element_type=\"widget\" data-settings=\"{&quot;ekit_we_effect_on&quot;:&quot;none&quot;}\" data-widget_type=\"text-editor.default\">\n\t\t\t\t\t\t\t\t\t<p>Po mnoha n\u00e1v\u0161t\u011bv\u00e1ch m\u016f\u017eeme s \u010dist\u00fdm sv\u011bdom\u00edm \u0159\u00edct: Traumwerk pat\u0159\u00ed mezi nejp\u016fsobiv\u011bj\u0161\u00ed atrakce v Berchtesgadensku. Je to m\u00edsto, kde dokonale lad\u00ed nostalgie star\u00fdch \u010das\u016f s nejmodern\u011bj\u0161\u00ed technikou. Tady skute\u010dn\u011b o\u017e\u00edvaj\u00ed d\u011btsk\u00e9 sny \u2013 a to nejen pro d\u011bti.<\/p><p>Kombinace sv\u011btov\u00e9 sb\u00edrky hra\u010dek, \u00fachvatn\u00e9 modelov\u00e9 \u017eeleznice, prostorn\u00e9ho venkovn\u00edho are\u00e1lu a kvalitn\u00ed restaurace vytv\u00e1\u0159\u00ed m\u00edsto, kde si na sv\u00e9 p\u0159ijde ka\u017ed\u00fd \u010dlen rodiny - za jak\u00e9hokoliv po\u010das\u00ed.<\/p><p>A nen\u00ed divu, \u017ee Hans-Peter Porsche je na sv\u00e9 d\u00edlo n\u00e1le\u017eit\u011b py\u0161n\u00fd. Po n\u00e1v\u0161t\u011bv\u011b pochop\u00edte pro\u010d.<\/p>\t\t\t\t\t\t\t\t<\/div>\n\t\t\t\t<div class=\"elementor-element elementor-element-863c745 elementor-widget elementor-widget-image\" data-id=\"863c745\" data-element_type=\"widget\" data-settings=\"{&quot;ekit_we_effect_on&quot;:&quot;none&quot;}\" data-widget_type=\"image.default\">\n\t\t\t\t\t\t\t\t\t\t\t\t\t\t\t<img loading=\"lazy\" decoding=\"async\" width=\"1280\" height=\"720\" src=\"https:\/\/berchtesgadenerleben.de\/wp-content\/uploads\/2022\/05\/hans-peter-porsche-min.jpg\" class=\"attachment-full size-full wp-image-26314\" alt=\"Hans-Peter Porsche Portr\u00e4tfoto\" srcset=\"https:\/\/berchtesgadenerleben.de\/wp-content\/uploads\/2022\/05\/hans-peter-porsche-min.jpg 1280w, https:\/\/berchtesgadenerleben.de\/wp-content\/uploads\/2022\/05\/hans-peter-porsche-min-300x169.jpg 300w, https:\/\/berchtesgadenerleben.de\/wp-content\/uploads\/2022\/05\/hans-peter-porsche-min-1024x576.jpg 1024w, https:\/\/berchtesgadenerleben.de\/wp-content\/uploads\/2022\/05\/hans-peter-porsche-min-768x432.jpg 768w\" sizes=\"(max-width: 1280px) 100vw, 1280px\" \/>\t\t\t\t\t\t\t\t\t\t\t\t\t\t\t<\/div>\n\t\t\t\t<div class=\"elementor-element elementor-element-e82e694 elementor-widget elementor-widget-heading\" data-id=\"e82e694\" data-element_type=\"widget\" data-settings=\"{&quot;ekit_we_effect_on&quot;:&quot;none&quot;}\" data-widget_type=\"heading.default\">\n\t\t\t\t\t<h2 class=\"elementor-heading-title elementor-size-default\">Kdo je vlastn\u011b Hans-Peter Porsche?<\/h2>\t\t\t\t<\/div>\n\t\t\t\t<div class=\"elementor-element elementor-element-2263244 elementor-widget elementor-widget-text-editor\" data-id=\"2263244\" data-element_type=\"widget\" data-settings=\"{&quot;ekit_we_effect_on&quot;:&quot;none&quot;}\" data-widget_type=\"text-editor.default\">\n\t\t\t\t\t\t\t\t\t<p>Hans-Peter Porsche se narodil 29. \u0159\u00edjna 1940 ve Stuttgartu jako jeden ze \u010dty\u0159 bratr\u016f.<\/p><p>Jeho d\u011bde\u010dek byl slavn\u00fd vizion\u00e1\u0159 a in\u017een\u00fdr Ferdinand Porsche, zakladatel dynastie Porsche, kter\u00fd v\u00fdznamn\u011b ovlivnil automobilov\u00fd pr\u016fmysl. Vedle prototypu VW Brouka z roku 1934 postavil spole\u010dn\u011b s Ferrym Porschem, otcem Hans-Petera, v roce 1948 prvn\u00ed sportovn\u00ed v\u016fz Porsche - model 356, kter\u00fd se stal skute\u010dnou ikonou.<\/p><p>Po \u00fasp\u011b\u0161n\u00e9m in\u017een\u00fdrsk\u00e9m studiu na strojn\u00ed \u0161kole v Salcburku vstoupil Hans-Peter Porsche podobn\u011b jako jeho otec a brat\u0159i do rodinn\u00e9ho podniku. P\u016fsobil jako asistent veden\u00ed a do roku 1971 \u0159\u00eddil v\u00fdrobu v tov\u00e1rn\u011b Porsche ve Stuttgartu.<\/p><p>Kdy\u017e se rodina v roce 1972 rozhodla st\u00e1hnout z operativn\u00edch pozic, z\u016fstal je\u0161t\u011b v\u00fdkonn\u00fdm spole\u010dn\u00edkem a \u010dlenem v\u0161ech kontroln\u00edch org\u00e1n\u016f.<\/p><p>V roce 2015 v\u00fdstavbou Porsche muzea v Angeru \u2013 Hans-Peter Porsche Traumwerku \u2013 p\u0159idal ke kreativn\u00edmu odkazu sv\u00e9 rodiny sv\u016fj vlastn\u00ed p\u0159\u00edsp\u011bvek a splnil si z\u00e1rove\u0148 sv\u016fj \u017eivotn\u00ed sen. Vlastn\u00ed muzeum, ve kter\u00e9m m\u016f\u017ee sv\u011btu uk\u00e1zat sv\u00e9 nad\u0161en\u00ed a v\u00e1\u0161e\u0148 pro celo\u017eivotn\u00ed sb\u00edrku sportovn\u00edch voz\u016f, plechov\u00fdch hra\u010dek a modelov\u00fdch \u017eeleznic. A to se mu s jeho Hans-Peter Porsche Traumwerkem v\u00edce ne\u017e poda\u0159ilo!<\/p>\t\t\t\t\t\t\t\t<\/div>\n\t\t\t\t<\/article>\n\t\t\t\t\t<\/div>\n\t\t\t\t<\/main>\n\t\t\t\t<\/div>","protected":false},"excerpt":{"rendered":"<p><p>Pono\u0159te se do fascinuj\u00edc\u00edho sv\u011bta Hans-Peter Porsche Traumwerku. Na plo\u0161e 3500 m\u00b2 nadchne p\u016fsobiv\u00e1 modelov\u00e1 \u017eeleznice s 2,7 km kolej\u00ed, zat\u00edmco nejv\u011bt\u0161\u00ed soukrom\u00e1 sb\u00edrka plechov\u00fdch hra\u010dek v Evrop\u011b probouz\u00ed nostalgii.<\/p><\/p>\n<div style=\"height: 15px;\"><\/div>\n<p class=\"translation-block\"><div style=\"height: 15px\"><\/div>\n<p>\ud83d\udccd V Angeru, 30 min. od Berchtesgadenu<br>\n\ud83d\udd58 \u00dat-Ne otev\u0159eno od 9:00 do 17:30<br>\n\ud83d\udcb6 Dosp\u011bl\u00ed 16 \u20ac, rodinn\u00e9 vstupn\u00e9 39 \u20ac<br>\n\ud83d\ude82 A\u017e 80 vlak\u016f jezd\u00ed sou\u010dasn\u011b detailn\u011b propracovanou krajinou<\/p><\/p>","protected":false},"author":1,"featured_media":26306,"comment_status":"open","ping_status":"open","sticky":false,"template":"","format":"standard","meta":{"footnotes":""},"categories":[36,37],"tags":[],"class_list":["post-26286","post","type-post","status-publish","format-standard","has-post-thumbnail","hentry","category-schlechtwettertipps","category-top-20"],"_links":{"self":[{"href":"https:\/\/berchtesgadenerleben.de\/cs\/wp-json\/wp\/v2\/posts\/26286","targetHints":{"allow":["GET"]}}],"collection":[{"href":"https:\/\/berchtesgadenerleben.de\/cs\/wp-json\/wp\/v2\/posts"}],"about":[{"href":"https:\/\/berchtesgadenerleben.de\/cs\/wp-json\/wp\/v2\/types\/post"}],"author":[{"embeddable":true,"href":"https:\/\/berchtesgadenerleben.de\/cs\/wp-json\/wp\/v2\/users\/1"}],"replies":[{"embeddable":true,"href":"https:\/\/berchtesgadenerleben.de\/cs\/wp-json\/wp\/v2\/comments?post=26286"}],"version-history":[{"count":147,"href":"https:\/\/berchtesgadenerleben.de\/cs\/wp-json\/wp\/v2\/posts\/26286\/revisions"}],"predecessor-version":[{"id":27734,"href":"https:\/\/berchtesgadenerleben.de\/cs\/wp-json\/wp\/v2\/posts\/26286\/revisions\/27734"}],"wp:featuredmedia":[{"embeddable":true,"href":"https:\/\/berchtesgadenerleben.de\/cs\/wp-json\/wp\/v2\/media\/26306"}],"wp:attachment":[{"href":"https:\/\/berchtesgadenerleben.de\/cs\/wp-json\/wp\/v2\/media?parent=26286"}],"wp:term":[{"taxonomy":"category","embeddable":true,"href":"https:\/\/berchtesgadenerleben.de\/cs\/wp-json\/wp\/v2\/categories?post=26286"},{"taxonomy":"post_tag","embeddable":true,"href":"https:\/\/berchtesgadenerleben.de\/cs\/wp-json\/wp\/v2\/tags?post=26286"}],"curies":[{"name":"wp","href":"https:\/\/api.w.org\/{rel}","templated":true}]}}