{"id":26083,"date":"2022-05-25T10:11:56","date_gmt":"2022-05-25T10:11:56","guid":{"rendered":"https:\/\/berchtesgadenerleben.de\/?p=26083"},"modified":"2026-04-08T09:19:00","modified_gmt":"2026-04-08T09:19:00","slug":"orli-hnizdo-obersalzberg","status":"publish","type":"post","link":"https:\/\/berchtesgadenerleben.de\/cs\/orli-hnizdo-obersalzberg\/","title":{"rendered":"Orl\u00ed hn\u00edzdo a <br> Obersalzberg"},"content":{"rendered":"<div data-elementor-type=\"wp-post\" data-elementor-id=\"26083\" class=\"elementor elementor-26083\" data-elementor-post-type=\"post\">\n\t\t\t\t<main class=\"elementor-element elementor-element-25d7944 e-flex e-con-boxed e-con e-parent\" data-id=\"25d7944\" data-element_type=\"container\" data-settings=\"{&quot;ekit_has_onepagescroll_dot&quot;:&quot;yes&quot;}\">\n\t\t\t\t\t<div class=\"e-con-inner\">\n\t\t<article class=\"elementor-element elementor-element-1eb3b49 e-con-full e-flex e-con e-child\" data-id=\"1eb3b49\" data-element_type=\"container\" data-settings=\"{&quot;ekit_has_onepagescroll_dot&quot;:&quot;yes&quot;}\">\n\t\t\t\t<div class=\"elementor-element elementor-element-d4dd79d elementor-widget elementor-widget-text-editor\" data-id=\"d4dd79d\" data-element_type=\"widget\" data-settings=\"{&quot;ekit_we_effect_on&quot;:&quot;none&quot;}\" data-widget_type=\"text-editor.default\">\n\t\t\t\t\t\t\t\t\t<p>Orl\u00ed hn\u00edzdo nab\u00edz\u00ed pravd\u011bpodobn\u011b nej\u00fachvatn\u011bj\u0161\u00ed panoramatick\u00fd v\u00fdhled v cel\u00e9m N\u011bmecku a pat\u0159\u00ed k nejkr\u00e1sn\u011bj\u0161\u00edm v\u00fdletn\u00edm c\u00edl\u016fm v Berchtesgadenu. Majest\u00e1tn\u011b se ty\u010d\u00ed ve v\u00fd\u0161ce 1 834 metr\u016f nad berchtesgadensk\u00fdm \u00fadol\u00edm. Za jasn\u00fdch dn\u016f se v\u00fdhled rozprost\u00edr\u00e1 a\u017e do vzd\u00e1lenosti 193 kilometr\u016f \u2013 panorama, kter\u00e9 ohrom\u00ed i po n\u011bkolika n\u00e1v\u0161t\u011bv\u00e1ch.<\/p><p>Jedine\u010dn\u00e1 kombinace fascinuj\u00edc\u00ed historie, spektakul\u00e1rn\u00edho in\u017een\u00fdrsk\u00e9ho um\u011bn\u00ed a ohromuj\u00edc\u00edho alpsk\u00e9ho panoramatu \u010din\u00ed z tohoto v\u00fdletu mimo\u0159\u00e1dn\u00fd z\u00e1\u017eitek v oblasti Berchtesgadenu.<\/p><p class=\"translation-block\"><strong>N\u00e1\u0161 tip:<\/strong> Zda si bude\u0161 v\u00fdlet na Orl\u00ed hn\u00edzdo je\u0161t\u011b dlouho pamatovat, z\u00e1le\u017e\u00ed hlavn\u011b na po\u010das\u00ed! P\u0159i mlze nebo \u0161patn\u00e9 viditelnosti drah\u00e1 cesta nahoru \u00fapln\u011b nestoj\u00ed za to, proto\u017ee z hlavn\u00ed atrakce \u2013 panoramatick\u00e9ho v\u00fdhledu \u2013 nic neuvid\u00ed\u0161. A platit tolik za k\u00e1vu v mlze je opravdu \u0161koda.<\/p><p class=\"translation-block\">P\u0159ed cestou si tedy v\u017edy zkontroluj aktu\u00e1ln\u00ed stav po\u010das\u00ed pomoc\u00ed <a title=\"webkamera na Orl\u00edm hn\u00edzd\u011b\" href=\"https:\/\/www.bergfex.de\/jenner-schoenau-am-koenigssee\/webcams\/c5087\/\" target=\"_blank\" rel=\"noopener\">webkamery na Orl\u00edm hn\u00edzd\u011b<\/a>.<\/p><p class=\"translation-block\">P\u0159i \u0161patn\u00e9m po\u010das\u00ed doporu\u010dujeme m\u00edsto toho nav\u0161t\u00edvit <a href=\"https:\/\/berchtesgadenerleben.de\/cs\/solny-dul-berchtesgaden\/\" target=\"_self\">soln\u00fd d\u016fl v Berchtesgadenu<\/a>, <a href=\"https:\/\/berchtesgadenerleben.de\/cs\/watzmanntherme\/\" target=\"_self\">term\u00e1ln\u00ed l\u00e1zn\u011b Watzmanntherme<\/a> nebo <a href=\"https:\/\/berchtesgadenerleben.de\/cs\/hans-peter-porsche-traumwerk\/\" target=\"_self\">muzeum hra\u010dek, vl\u00e1\u010dk\u016f a automobil\u016f Hans-Peter Porsche Traumwerk v Angeru<\/a>.<\/p><p>Pro nejlep\u0161\u00ed z\u00e1\u017eitek doporu\u010dujeme p\u0159ijet brzy r\u00e1no. Nejpozd\u011bji od 10. hodiny b\u00fdv\u00e1 v\u0161ude plno a klidn\u00e1 atmosf\u00e9ra, kter\u00e1 toto m\u00edsto d\u011bl\u00e1 je\u0161t\u011b kr\u00e1sn\u011bj\u0161\u00edm, se v hlavn\u00ed sez\u00f3n\u011b rychle vytrat\u00ed.<\/p>\t\t\t\t\t\t\t\t<\/div>\n\t\t\t\t<div class=\"elementor-element elementor-element-2723edd elementor-widget elementor-widget-heading\" data-id=\"2723edd\" data-element_type=\"widget\" data-settings=\"{&quot;ekit_we_effect_on&quot;:&quot;none&quot;}\" data-widget_type=\"heading.default\">\n\t\t\t\t\t<h2 class=\"elementor-heading-title elementor-size-default\">Aktuelle Eintrittspreise Kehlsteinhaus 2026<\/h2>\t\t\t\t<\/div>\n\t\t\t\t<div class=\"elementor-element elementor-element-e7a597a elementor-widget elementor-widget-heading\" data-id=\"e7a597a\" data-element_type=\"widget\" data-settings=\"{&quot;ekit_we_effect_on&quot;:&quot;none&quot;}\" data-widget_type=\"heading.default\">\n\t\t\t\t\t<h3 class=\"elementor-heading-title elementor-size-default\">J\u00edzda tam a zp\u011bt v\u010detn\u011b v\u00fdtahu<\/h3>\t\t\t\t<\/div>\n\t\t\t\t<div class=\"elementor-element elementor-element-2b64adb elementor-widget elementor-widget-text-editor\" data-id=\"2b64adb\" data-element_type=\"widget\" data-settings=\"{&quot;ekit_we_effect_on&quot;:&quot;none&quot;}\" data-widget_type=\"text-editor.default\">\n\t\t\t\t\t\t\t\t\t<p><strong>Erwachsene:<\/strong> 34,70 EUR<br \/><strong>Familienkarte:<\/strong> Eltern mit eigenen Kindern oder Gro\u00dfeltern mit eigenen Enkelkindern in unbegrenzter Anzahl: 70,90 EUR<br \/><strong>Familienkarte Alleinerziehende:<\/strong> 37,00 EUR (Freitags 25% Nachlass)<br \/><strong>Kinder 6 bis 14 Jahre:<\/strong> 17,20 EUR<br \/><strong>Kinder 0 bis 5 Jahre:<\/strong> Kostenlos<\/p><p>P\u0159i p\u0159edlo\u017een\u00ed karty hosta (G\u00e4stekarte) z\u00edsk\u00e1\u0161 slevu na b\u011b\u017en\u00e9 vstupn\u00e9.<\/p><p class=\"translation-block\"><a title=\"J\u00edzdn\u00ed \u0159\u00e1d speci\u00e1ln\u00ed linky 849 na Orl\u00ed hn\u00edzdo\" href=\"https:\/\/www.dbregiobus-bayern.de\/angebot\/freizeitbusse\/rvo-rva\/kehlsteinhaus\" target=\"_blank\" rel=\"noopener\">Zde najde\u0161 j\u00edzdn\u00ed \u0159\u00e1d speci\u00e1ln\u00ed linky 849 na Orl\u00ed hn\u00edzdo<\/a>. Sta\u010d\u00ed na str\u00e1nce trochu scrolovat dol\u016f, tam je j\u00edzdn\u00ed \u0159\u00e1d ve form\u00e1tu PDF.<\/p>\t\t\t\t\t\t\t\t<\/div>\n\t\t\t\t<div class=\"elementor-element elementor-element-4867f3e elementor-widget elementor-widget-image\" data-id=\"4867f3e\" data-element_type=\"widget\" data-settings=\"{&quot;ekit_we_effect_on&quot;:&quot;none&quot;}\" data-widget_type=\"image.default\">\n\t\t\t\t\t\t\t\t\t\t\t\t\t\t\t<img fetchpriority=\"high\" decoding=\"async\" width=\"1280\" height=\"720\" src=\"https:\/\/berchtesgadenerleben.de\/wp-content\/uploads\/2022\/05\/kehlsteinhaus-drohne.jpg\" class=\"attachment-full size-full wp-image-26105\" alt=\"Leteck\u00fd z\u00e1b\u011br z dronu na Orl\u00ed hn\u00edzdo s jezerem K\u00f6nigssee v pozad\u00ed\" srcset=\"https:\/\/berchtesgadenerleben.de\/wp-content\/uploads\/2022\/05\/kehlsteinhaus-drohne.jpg 1280w, https:\/\/berchtesgadenerleben.de\/wp-content\/uploads\/2022\/05\/kehlsteinhaus-drohne-300x169.jpg 300w, https:\/\/berchtesgadenerleben.de\/wp-content\/uploads\/2022\/05\/kehlsteinhaus-drohne-1024x576.jpg 1024w, https:\/\/berchtesgadenerleben.de\/wp-content\/uploads\/2022\/05\/kehlsteinhaus-drohne-768x432.jpg 768w\" sizes=\"(max-width: 1280px) 100vw, 1280px\" \/>\t\t\t\t\t\t\t\t\t\t\t\t\t\t\t<\/div>\n\t\t\t\t<div class=\"elementor-element elementor-element-4777869 elementor-widget elementor-widget-heading\" data-id=\"4777869\" data-element_type=\"widget\" data-settings=\"{&quot;ekit_we_effect_on&quot;:&quot;none&quot;}\" data-widget_type=\"heading.default\">\n\t\t\t\t\t<h2 class=\"elementor-heading-title elementor-size-default\">\u00d6ffnungszeiten Kehlsteinhaus 2026<\/h2>\t\t\t\t<\/div>\n\t\t\t\t<div class=\"elementor-element elementor-element-e69a15e elementor-widget elementor-widget-text-editor\" data-id=\"e69a15e\" data-element_type=\"widget\" data-settings=\"{&quot;ekit_we_effect_on&quot;:&quot;none&quot;}\" data-widget_type=\"text-editor.default\">\n\t\t\t\t\t\t\t\t\t<p><strong>Sommersaison (Mai bis Oktober):<\/strong> T\u00e4glich von 8:30 \u2013 16:00 Uhr (Busse im 25-Minuten-Takt)<br \/><strong>Geplante Er\u00f6ffnung 2026:<\/strong> 07. Mai 2026 (erster Bus an diesem Tag f\u00e4hrt um 11:00 Uhr)<br \/><strong>Letzte Talfahrt:<\/strong> 16:50 Uhr<br \/><strong>Wintersaison (November bis April):<\/strong> Geschlossen!<\/p><p class=\"translation-block\">Aktu\u00e1ln\u00ed otev\u00edrac\u00ed dobu najde\u0161 tak\u00e9 na <a title=\"Ofici\u00e1ln\u00ed webov\u00e9 str\u00e1nky Orl\u00edho hn\u00edzda\" href=\"https:\/\/www.kehlsteinhaus.de\/\" target=\"_blank\" rel=\"noopener\">ofici\u00e1ln\u00edch webov\u00fdch str\u00e1nk\u00e1ch Orl\u00edho hn\u00edzda<\/a>.<\/p>\t\t\t\t\t\t\t\t<\/div>\n\t\t\t\t<div class=\"elementor-element elementor-element-06b4a98 elementor-widget elementor-widget-image\" data-id=\"06b4a98\" data-element_type=\"widget\" data-settings=\"{&quot;ekit_we_effect_on&quot;:&quot;none&quot;}\" data-widget_type=\"image.default\">\n\t\t\t\t\t\t\t\t\t\t\t\t\t\t\t<img decoding=\"async\" width=\"1280\" height=\"720\" src=\"https:\/\/berchtesgadenerleben.de\/wp-content\/uploads\/2022\/05\/kehlsteinhaus-tunnel.jpg\" class=\"attachment-full size-full wp-image-26103\" alt=\"Tunel na silnici k Orl\u00edmu hn\u00edzdu b\u011bhem j\u00edzdy na Orl\u00ed hn\u00edzdo\" srcset=\"https:\/\/berchtesgadenerleben.de\/wp-content\/uploads\/2022\/05\/kehlsteinhaus-tunnel.jpg 1280w, https:\/\/berchtesgadenerleben.de\/wp-content\/uploads\/2022\/05\/kehlsteinhaus-tunnel-300x169.jpg 300w, https:\/\/berchtesgadenerleben.de\/wp-content\/uploads\/2022\/05\/kehlsteinhaus-tunnel-1024x576.jpg 1024w, https:\/\/berchtesgadenerleben.de\/wp-content\/uploads\/2022\/05\/kehlsteinhaus-tunnel-768x432.jpg 768w\" sizes=\"(max-width: 1280px) 100vw, 1280px\" \/>\t\t\t\t\t\t\t\t\t\t\t\t\t\t\t<\/div>\n\t\t\t\t<div class=\"elementor-element elementor-element-7d74d30 elementor-widget elementor-widget-heading\" data-id=\"7d74d30\" data-element_type=\"widget\" data-settings=\"{&quot;ekit_we_effect_on&quot;:&quot;none&quot;}\" data-widget_type=\"heading.default\">\n\t\t\t\t\t<h2 class=\"elementor-heading-title elementor-size-default\">Cesta na Orl\u00ed hn\u00edzdo \u2013 z\u00e1\u017eitek s\u00e1m o sob\u011b<\/h2>\t\t\t\t<\/div>\n\t\t\t\t<div class=\"elementor-element elementor-element-8bac6f7 elementor-widget elementor-widget-text-editor\" data-id=\"8bac6f7\" data-element_type=\"widget\" data-settings=\"{&quot;ekit_we_effect_on&quot;:&quot;none&quot;}\" data-widget_type=\"text-editor.default\">\n\t\t\t\t\t\t\t\t\t<p>U\u017e samotn\u00e1 cesta k Orl\u00edmu hn\u00edzdu je dobrodru\u017estv\u00edm. Jedin\u00fd zp\u016fsob, jak se na Orl\u00ed hn\u00edzdo dostat (krom\u011b p\u0159ibli\u017en\u011b dvouhodinov\u00e9 p\u011b\u0161\u00ed t\u00fary), je j\u00edzda speci\u00e1ln\u00edm autobusem. J\u00edzdenku si mus\u00ed\u0161 zakoupit u pokladny na Obersalzbergu nebo rezervovat online.<\/p><p>P\u0159ibli\u017en\u011b dvacetiminutov\u00e1 j\u00edzda autobusem po p\u016fsobiv\u00e9 silnici u\u017e nab\u00edz\u00ed \u00fachvatn\u00e9 v\u00fdhledy. Jeliko\u017e je v\u011bt\u0161ina silnice jednopruhov\u00e1, autobus n\u011bkolikr\u00e1t zastavuje, aby umo\u017enil pr\u016fjezd protijedouc\u00edmu autobusu.<\/p><p>Navzdory 700-metrov\u00e9mu p\u0159ev\u00fd\u0161en\u00ed na 6,5 kilometrech d\u00e9lky m\u00e1 silnice na Orl\u00ed hn\u00edzdo pouze jednu ostrou zat\u00e1\u010dku \u2013 skute\u010dn\u00e9 mistrovsk\u00e9 d\u00edlo in\u017een\u00fdrsk\u00e9ho um\u011bn\u00ed!<\/p><p>Po j\u00edzd\u011b autobusem vystoup\u00ed\u0161 na kone\u010dn\u00e9 zast\u00e1vce v horn\u00ed \u010d\u00e1sti, odkud bude\u0161 pokra\u010dovat 124 metr\u016f dlouh\u00fdm tunelem k v\u00fdtahu. Tento historick\u00fd v\u00fdtah, oblo\u017een\u00fd zelenou k\u016f\u017e\u00ed a ozdoben\u00fd pozlacen\u00fdmi prvky, t\u011b za pouh\u00fdch 41 sekund vyveze p\u0159\u00edmo do Orl\u00edho hn\u00edzda.<\/p><p>Alternativn\u011b m\u016f\u017ee\u0161 od autobusov\u00e9 to\u010dny doj\u00edt na vrchol p\u011b\u0161ky za p\u0159ibli\u017en\u011b 25 minut \u2013 co\u017e je p\u0159i dobr\u00e9m po\u010das\u00ed velmi p\u011bkn\u00e1 varianta, proto\u017ee cesta nab\u00edz\u00ed n\u00e1dhern\u00e9 v\u00fdhledy.<\/p>\t\t\t\t\t\t\t\t<\/div>\n\t\t\t\t<div class=\"elementor-element elementor-element-0d47b7f elementor-widget elementor-widget-heading\" data-id=\"0d47b7f\" data-element_type=\"widget\" data-settings=\"{&quot;ekit_we_effect_on&quot;:&quot;none&quot;}\" data-widget_type=\"heading.default\">\n\t\t\t\t\t<h2 class=\"elementor-heading-title elementor-size-default\">Co bys si rozhodn\u011b nem\u011bl nechat uj\u00edt<\/h2>\t\t\t\t<\/div>\n\t\t\t\t<div class=\"elementor-element elementor-element-730080b elementor-widget elementor-widget-text-editor\" data-id=\"730080b\" data-element_type=\"widget\" data-settings=\"{&quot;ekit_we_effect_on&quot;:&quot;none&quot;}\" data-widget_type=\"text-editor.default\">\n\t\t\t\t\t\t\t\t\t<p>Co bys ur\u010dit\u011b m\u011bl ud\u011blat, je kr\u00e1tk\u00e1 proch\u00e1zka ke k\u0159\u00ed\u017ei na vrcholu.<\/p><p>Odtud m\u00e1\u0161 nejkr\u00e1sn\u011bj\u0161\u00ed v\u00fdhled na samotn\u00e9 Orl\u00ed hn\u00edzdo a m\u016f\u017ee\u0161 po\u0159\u00eddit jednu z t\u011bch klasick\u00fdch pohlednicov\u00fdch fotek s v\u00fdhledem do \u00fadol\u00ed.<\/p><p class=\"translation-block\">Za jasn\u00fdch dn\u016f dohl\u00e9dne\u0161 a\u017e do <a href=\"https:\/\/berchtesgadenerleben.de\/cs\/salcburk\/\" target=\"_self\">Salcburska<\/a> a bavorsk\u00e9ho alpsk\u00e9ho podh\u016f\u0159\u00ed.<\/p><p>Restaurace v Orl\u00edm hn\u00edzd\u011b nab\u00edz\u00ed dobr\u00e9 j\u00eddlo a slunnou terasu \u2013 kr\u00e1sn\u00e9 m\u00edsto, kde si m\u016f\u017ee\u0161 vychutnat v\u00fdhled.<\/p>\t\t\t\t\t\t\t\t<\/div>\n\t\t\t\t<div class=\"elementor-element elementor-element-801de54 elementor-widget elementor-widget-image\" data-id=\"801de54\" data-element_type=\"widget\" data-settings=\"{&quot;ekit_we_effect_on&quot;:&quot;none&quot;}\" data-widget_type=\"image.default\">\n\t\t\t\t\t\t\t\t\t\t\t\t\t\t\t<img decoding=\"async\" width=\"1280\" height=\"720\" src=\"https:\/\/berchtesgadenerleben.de\/wp-content\/uploads\/2022\/05\/kehlsteinhaus-gipfelkreuz.jpg\" class=\"attachment-full size-full wp-image-26106\" alt=\"Leteck\u00fd z\u00e1b\u011br z dronu na Orl\u00ed hn\u00edzdo s horou Hoher G\u00f6ll v pozad\u00ed\" srcset=\"https:\/\/berchtesgadenerleben.de\/wp-content\/uploads\/2022\/05\/kehlsteinhaus-gipfelkreuz.jpg 1280w, https:\/\/berchtesgadenerleben.de\/wp-content\/uploads\/2022\/05\/kehlsteinhaus-gipfelkreuz-300x169.jpg 300w, https:\/\/berchtesgadenerleben.de\/wp-content\/uploads\/2022\/05\/kehlsteinhaus-gipfelkreuz-1024x576.jpg 1024w, https:\/\/berchtesgadenerleben.de\/wp-content\/uploads\/2022\/05\/kehlsteinhaus-gipfelkreuz-768x432.jpg 768w\" sizes=\"(max-width: 1280px) 100vw, 1280px\" \/>\t\t\t\t\t\t\t\t\t\t\t\t\t\t\t<\/div>\n\t\t\t\t<div class=\"elementor-element elementor-element-e7f8d61 elementor-widget elementor-widget-heading\" data-id=\"e7f8d61\" data-element_type=\"widget\" data-settings=\"{&quot;ekit_we_effect_on&quot;:&quot;none&quot;}\" data-widget_type=\"heading.default\">\n\t\t\t\t\t<h2 class=\"elementor-heading-title elementor-size-default\">Dv\u011b n\u00e1dhern\u00e9 p\u011b\u0161\u00ed t\u00fary na Orl\u00ed hn\u00edzdo<\/h2>\t\t\t\t<\/div>\n\t\t\t\t<div class=\"elementor-element elementor-element-4ed353b elementor-widget elementor-widget-heading\" data-id=\"4ed353b\" data-element_type=\"widget\" data-settings=\"{&quot;ekit_we_effect_on&quot;:&quot;none&quot;}\" data-widget_type=\"heading.default\">\n\t\t\t\t\t<h3 class=\"elementor-heading-title elementor-size-default\">T\u00fara z Hinterecku na Orl\u00ed hn\u00edzdo<\/h3>\t\t\t\t<\/div>\n\t\t\t\t<div class=\"elementor-element elementor-element-d12ab8f elementor-widget elementor-widget-text-editor\" data-id=\"d12ab8f\" data-element_type=\"widget\" data-settings=\"{&quot;ekit_we_effect_on&quot;:&quot;none&quot;}\" data-widget_type=\"text-editor.default\">\n\t\t\t\t\t\t\t\t\t<p class=\"translation-block\"><strong>Start:<\/strong> Parkovi\u0161t\u011b Hintereck (u dokumenta\u010dn\u00edho centra Obersalzberg)<br><strong>Doba ch\u016fze:<\/strong> 2 \u2013 2\u00bd hodiny<br><strong>Obt\u00ed\u017enost:<\/strong> St\u0159edn\u00ed<\/p><p>Nejprve kousek sleduje\u0161 silnici k Orl\u00edmu hn\u00edzdu do kopce. Z\u00e1kaz vstupu plat\u00ed a\u017e po 2 km, nenech se zm\u00e1st z\u00e1kazov\u00fdmi zna\u010dkami. Po p\u0159ibli\u017en\u011b p\u016fl hodin\u011b (od z\u00e1kazu vstupu) odbo\u010d\u00ed\u0161 ze silnice doleva. Cesta pozd\u011bji \u00fast\u00ed do asfaltov\u00e9 silni\u010dky p\u0159ich\u00e1zej\u00edc\u00ed z Ofnerbodenu. Klikat\u011b pak pokra\u010duje\u0161, st\u00e1le po asfaltu a s m\u00edrn\u00fdm stoup\u00e1n\u00edm, asi hodinu do kopce a\u017e k autobusov\u00e9 to\u010dn\u011b p\u0159\u00edmo pod Orl\u00edm hn\u00edzdem.<\/p>\t\t\t\t\t\t\t\t<\/div>\n\t\t\t\t<div class=\"elementor-element elementor-element-3b9f089 elementor-widget elementor-widget-heading\" data-id=\"3b9f089\" data-element_type=\"widget\" data-settings=\"{&quot;ekit_we_effect_on&quot;:&quot;none&quot;}\" data-widget_type=\"heading.default\">\n\t\t\t\t\t<h3 class=\"elementor-heading-title elementor-size-default\">T\u00fara od Ofnerboden na Orl\u00ed hn\u00edzdo<\/h3>\t\t\t\t<\/div>\n\t\t\t\t<div class=\"elementor-element elementor-element-8858c32 elementor-widget elementor-widget-text-editor\" data-id=\"8858c32\" data-element_type=\"widget\" data-settings=\"{&quot;ekit_we_effect_on&quot;:&quot;none&quot;}\" data-widget_type=\"text-editor.default\">\n\t\t\t\t\t\t\t\t\t<p class=\"translation-block\"><strong>Start:<\/strong> Ofnerboden (na panoramatick\u00e9 silnici Rossfeld)<br><strong>Doba ch\u016fze:<\/strong> 1\u00bd \u2013 2 hodiny<br><strong>Obt\u00ed\u017enost:<\/strong> Lehk\u00e1 a\u017e st\u0159edn\u00ed<\/p><p>V\u00fdchoz\u00edm bodem je zde Ofner Boden, p\u0159ibli\u017en\u011b 2,5 km od ji\u017en\u00ed m\u00fdtnice panoramatick\u00e9 silnice Rossfeld. Turistick\u00e1 stezka za\u010d\u00edn\u00e1 p\u0159\u00edmo vedle chaty a po n\u011bkolika minut\u00e1ch \u00fast\u00ed do mal\u00e9 asfaltov\u00e9 silni\u010dky uzav\u0159en\u00e9 pro ve\u0159ejnou dopravu. Po p\u0159ibli\u017en\u011b p\u016fl hodin\u011b se zprava p\u0159ipojuje cesta vedouc\u00ed nahoru z parkovi\u0161t\u011b Hintereck.<\/p>\t\t\t\t\t\t\t\t<\/div>\n\t\t\t\t<div class=\"elementor-element elementor-element-5fe0fda elementor-widget elementor-widget-image\" data-id=\"5fe0fda\" data-element_type=\"widget\" data-settings=\"{&quot;ekit_we_effect_on&quot;:&quot;none&quot;}\" data-widget_type=\"image.default\">\n\t\t\t\t\t\t\t\t\t\t\t\t\t\t\t<img loading=\"lazy\" decoding=\"async\" width=\"1200\" height=\"800\" src=\"https:\/\/berchtesgadenerleben.de\/wp-content\/uploads\/2022\/05\/kehlsteinhaus-tunnel-aufzug.webp\" class=\"attachment-full size-full wp-image-26107\" alt=\"Tunel k v\u00fdtahu a do vnit\u0159ku Orl\u00edho hn\u00edzda\" srcset=\"https:\/\/berchtesgadenerleben.de\/wp-content\/uploads\/2022\/05\/kehlsteinhaus-tunnel-aufzug.webp 1200w, https:\/\/berchtesgadenerleben.de\/wp-content\/uploads\/2022\/05\/kehlsteinhaus-tunnel-aufzug-300x200.webp 300w, https:\/\/berchtesgadenerleben.de\/wp-content\/uploads\/2022\/05\/kehlsteinhaus-tunnel-aufzug-1024x683.webp 1024w, https:\/\/berchtesgadenerleben.de\/wp-content\/uploads\/2022\/05\/kehlsteinhaus-tunnel-aufzug-768x512.webp 768w\" sizes=\"(max-width: 1200px) 100vw, 1200px\" \/>\t\t\t\t\t\t\t\t\t\t\t\t\t\t\t<\/div>\n\t\t\t\t<div class=\"elementor-element elementor-element-065b699 elementor-widget elementor-widget-heading\" data-id=\"065b699\" data-element_type=\"widget\" data-settings=\"{&quot;ekit_we_effect_on&quot;:&quot;none&quot;}\" data-widget_type=\"heading.default\">\n\t\t\t\t\t<h2 class=\"elementor-heading-title elementor-size-default\">Orl\u00ed hn\u00edzdo \u2013 historie kontroverzn\u00ed dominanty<\/h2>\t\t\t\t<\/div>\n\t\t\t\t<div class=\"elementor-element elementor-element-c2cdd56 elementor-widget elementor-widget-text-editor\" data-id=\"c2cdd56\" data-element_type=\"widget\" data-settings=\"{&quot;ekit_we_effect_on&quot;:&quot;none&quot;}\" data-widget_type=\"text-editor.default\">\n\t\t\t\t\t\t\t\t\t<p>Dodnes nen\u00ed jednozna\u010dn\u011b objasn\u011bno, zda byl cel\u00fd projekt Orl\u00edho hn\u00edzda d\u00e1rkem k Hitlerov\u00fdm 50. narozenin\u00e1m 20. dubna 1939. Jist\u00e9 v\u0161ak je, \u017ee jde o p\u016fsobivou stavbu, kter\u00e1 navzdory \u2013 nebo mo\u017en\u00e1 kv\u016fli \u2013 sv\u00e9 zat\u00ed\u017een\u00e9 minulosti ka\u017edoro\u010dn\u011b p\u0159itahuje statis\u00edce n\u00e1v\u0161t\u011bvn\u00edk\u016f.<\/p><p>Silnice k Orl\u00edmu hn\u00edzdu byla postavena za pouh\u00fdch 13 m\u011bs\u00edc\u016f za extr\u00e9mn\u011b nebezpe\u010dn\u00fdch podm\u00ednek p\u0159ibli\u017en\u011b 3 000 d\u011bln\u00edky. D\u016fm na vrcholu byl dokon\u010den dokonce je\u0161t\u011b d\u0159\u00edve, ji\u017e na podzim 1938. Uvnit\u0159 se nach\u00e1z\u00ed mramorov\u00fd krb \u2013 dar italsk\u00e9ho dikt\u00e1tora Mussoliniho.<\/p><p>Co mnoho lid\u00ed pravd\u011bpodobn\u011b p\u0159ekvap\u00ed: Navzdory n\u00e1kladn\u00e9 konstrukci a dechberouc\u00ed poloze nav\u0161t\u00edvil Hitler Orl\u00ed hn\u00edzdo prokazateln\u011b pouze 13kr\u00e1t, p\u0159esto\u017ee t\u00e9m\u011b\u0159 t\u0159etinu sv\u00e9 vl\u00e1dy str\u00e1vil na sv\u00e9m nedalek\u00e9m Berghofu na Obersalzbergu. Jeho prvn\u00ed n\u00e1v\u0161t\u011bva se uskute\u010dnila 16. z\u00e1\u0159\u00ed 1938, posledn\u00ed 17. \u0159\u00edjna 1940.<\/p><p>D\u016fvody Hitlerovy zdr\u017eenlivosti jsou r\u016fzn\u00e9: \u00dadajn\u011b nem\u011bl r\u00e1d v\u00fd\u0161ky a s nimi spojen\u00e9 zm\u011bny tlaku vzduchu. Nav\u00edc se \u0159\u00edk\u00e1, \u017ee se b\u00e1l, \u017ee by ho ve v\u00fdtahu mohl zas\u00e1hnout blesk nebo by mohl b\u00fdt vystaven atent\u00e1tu. \u010cast\u011bji ne\u017e samotn\u00fd Hitler vyu\u017e\u00edvala budovu jeho milenka Eva Braunov\u00e1. Jej\u00ed sestra Gretl zde v roce 1944 dokonce slavila svou svatebn\u00ed hostinu.<\/p>\t\t\t\t\t\t\t\t<\/div>\n\t\t\t\t<div class=\"elementor-element elementor-element-ccae0c7 elementor-widget elementor-widget-image\" data-id=\"ccae0c7\" data-element_type=\"widget\" data-settings=\"{&quot;ekit_we_effect_on&quot;:&quot;none&quot;}\" data-widget_type=\"image.default\">\n\t\t\t\t\t\t\t\t\t\t\t\t<figure class=\"wp-caption\">\n\t\t\t\t\t\t\t\t\t\t<img loading=\"lazy\" decoding=\"async\" width=\"1920\" height=\"1000\" src=\"https:\/\/berchtesgadenerleben.de\/wp-content\/uploads\/2025\/07\/dokumentation_obersalzberg_aussen-min.jpg\" class=\"attachment-full size-full wp-image-27270\" alt=\"Modern\u00ed vn\u011bj\u0161\u00ed fas\u00e1da nov\u00e9ho Dokumenta\u010dn\u00edho centra Obersalzberg v Berchtesgadenu\" srcset=\"https:\/\/berchtesgadenerleben.de\/wp-content\/uploads\/2025\/07\/dokumentation_obersalzberg_aussen-min.jpg 1920w, https:\/\/berchtesgadenerleben.de\/wp-content\/uploads\/2025\/07\/dokumentation_obersalzberg_aussen-min-300x156.jpg 300w, https:\/\/berchtesgadenerleben.de\/wp-content\/uploads\/2025\/07\/dokumentation_obersalzberg_aussen-min-1024x533.jpg 1024w, https:\/\/berchtesgadenerleben.de\/wp-content\/uploads\/2025\/07\/dokumentation_obersalzberg_aussen-min-768x400.jpg 768w, https:\/\/berchtesgadenerleben.de\/wp-content\/uploads\/2025\/07\/dokumentation_obersalzberg_aussen-min-1536x800.jpg 1536w\" sizes=\"(max-width: 1920px) 100vw, 1920px\" \/>\t\t\t\t\t\t\t\t\t\t\t<figcaption class=\"widget-image-caption wp-caption-text\">\u00a9Dokumentation Obersalzberg \/ Leonie Zangerl<\/figcaption>\n\t\t\t\t\t\t\t\t\t\t<\/figure>\n\t\t\t\t\t\t\t\t\t<\/div>\n\t\t\t\t<div class=\"elementor-element elementor-element-f781f53 elementor-widget elementor-widget-heading\" data-id=\"f781f53\" data-element_type=\"widget\" data-settings=\"{&quot;ekit_we_effect_on&quot;:&quot;none&quot;}\" data-widget_type=\"heading.default\">\n\t\t\t\t\t<h2 class=\"elementor-heading-title elementor-size-default\">Dokonal\u00e1 kombinace - Orl\u00ed hn\u00edzdo &amp; Dokumenta\u010dn\u00ed centrum Obersalzberg <\/h2>\t\t\t\t<\/div>\n\t\t\t\t<div class=\"elementor-element elementor-element-865ae7d elementor-widget elementor-widget-text-editor\" data-id=\"865ae7d\" data-element_type=\"widget\" data-settings=\"{&quot;ekit_we_effect_on&quot;:&quot;none&quot;}\" data-widget_type=\"text-editor.default\">\n\t\t\t\t\t\t\t\t\t<p>Pro dokonale vyda\u0159en\u00fd den na Obersalzbergu doporu\u010dujeme n\u00e1sleduj\u00edc\u00ed program:<\/p><p class=\"translation-block\">\ud83d\udd58 8:30: Odjezd k Orl\u00edmu hn\u00edzdu (otev\u0159eno pouze od kv\u011btna do \u0159\u00edjna) \u2013 vyplat\u00ed se p\u0159ijet brzy!<br>\ud83d\udd5a 11:00: N\u00e1vrat z Orl\u00edho hn\u00edzda, ne\u017e doraz\u00ed velk\u00e9 skupiny turist\u016f<br>\ud83d\udd5b 12:00: Ob\u011bdov\u00e1 pauza v <a title=\"Gasthof Hochlenzer\" href=\"https:\/\/www.hochlenzer.de\/\" target=\"_blank\" rel=\"noopener\">Gasthof Hochlenzer<\/a> s v\u00fdhledem na hory nebo v <a title=\"Restaurace Skytop\" href=\"https:\/\/skytoprestaurant.com\/\" target=\"_blank\" rel=\"noopener\">restauraci Skytop<\/a> na golfov\u00e9m h\u0159i\u0161ti<br>\ud83d\udd52 13:30: N\u00e1v\u0161t\u011bva Dokumenta\u010dn\u00edho centra Obersalzberg<br>\ud83d\udd54 16:00: K\u00e1va a dort v <a title=\"\u201eWindbeutelbaron\">\u201eWindbeutelbaron\u201c (Caf\u00e9 Graflh\u00f6he)<\/a> s \u00fachvatn\u00fdm panoramatem<\/p><p class=\"translation-block\"><a href=\"https:\/\/berchtesgadenerleben.de\/cs\/dokumentacni-centrum-obersalzberg\/\" target=\"_self\">Dokumenta\u010dn\u00ed centrum Obersalzberg<\/a> nab\u00edz\u00ed se svou v roce 2023 nov\u011b otev\u0159enou v\u00fdstavou \u201eIdyla a zlo\u010din\" dokonal\u00fd historick\u00fd kontext k Orl\u00edmu hn\u00edzdu. Na 800 metrech \u010dtvere\u010dn\u00edch je zde kriticky osv\u011btlena historie Obersalzbergu jako druh\u00e9ho vl\u00e1dn\u00edho s\u00eddla T\u0159et\u00ed \u0159\u00ed\u0161e. Vstupn\u00e9 pouh\u00e9 3 eura pro dosp\u011bl\u00e9 (d\u011bti do 18 let zdarma) je t\u00e9m\u011b\u0159 symbolick\u00e9 za v\u00fdstavu t\u00e9to kvality.<\/p><p class=\"translation-block\">\ud83d\udc49 Zde najde\u0161 n\u00e1\u0161 <a title=\"\u010cl\u00e1nek o Dokumenta\u010dn\u00edm centru Obersalzberg\" href=\"https:\/\/berchtesgadenerleben.de\/cs\/dokumentacni-centrum-obersalzberg\/\" target=\"_self\">\u010dl\u00e1nek o Dokumenta\u010dn\u00edm centru Obersalzberg<\/a><\/p>\t\t\t\t\t\t\t\t<\/div>\n\t\t\t\t<div class=\"elementor-element elementor-element-4d37967 elementor-widget elementor-widget-heading\" data-id=\"4d37967\" data-element_type=\"widget\" data-settings=\"{&quot;ekit_we_effect_on&quot;:&quot;none&quot;}\" data-widget_type=\"heading.default\">\n\t\t\t\t\t<h2 class=\"elementor-heading-title elementor-size-default\">Hotel zum T\u00fcrken \u2013 Historick\u00e1 perla s dramatickou minulost\u00ed<\/h2>\t\t\t\t<\/div>\n\t\t\t\t<div class=\"elementor-element elementor-element-35053b3 elementor-widget elementor-widget-text-editor\" data-id=\"35053b3\" data-element_type=\"widget\" data-settings=\"{&quot;ekit_we_effect_on&quot;:&quot;none&quot;}\" data-widget_type=\"text-editor.default\">\n\t\t\t\t\t\t\t\t\t<p>Na tomto jedine\u010dn\u00e9m m\u00edst\u011b stoj\u00ed \u00fatuln\u00fd venkovsk\u00fd d\u016fm ji\u017e od v\u00fdstavby p\u016fvodn\u00edho \u201eT\u00fcrkenh\u00e4uslu\" v roce 1630. Neobvykl\u00e9 jm\u00e9no poch\u00e1z\u00ed mimochodem od p\u016fvodn\u00edho majitele, kter\u00fd se vr\u00e1til jako veter\u00e1n z tureck\u00e9ho obl\u00e9h\u00e1n\u00ed V\u00eddn\u011b v 16. stolet\u00ed. V\u00fdhled z hotelu je stejn\u011b jedine\u010dn\u00fd jako jeho historie.<\/p><p>V roce 1903 z\u00edskal usedlost Karl Schuster a b\u011bhem osmi let ji p\u0159em\u011bnil na Hotel zum T\u00fcrken s vlastn\u00edm \u0159eznictv\u00edm. Schuster byl p\u0159edt\u00edm hostinsk\u00fdm v Purtschellerhausu na Hoher G\u00f6ll, kter\u00fd dodnes le\u017e\u00ed na n\u011bmecko-rakousk\u00e9 hranici a nab\u00edz\u00ed dechberouc\u00ed v\u00fdhled. Hotel zum T\u00fcrken se rychle stal obl\u00edben\u00fdm m\u00edstem setk\u00e1v\u00e1n\u00ed v\u00fdznamn\u00fdch host\u016f \u2013 mimo jin\u00e9 zde pob\u00fdvali princ-regent Luitpold Bavorsk\u00fd, korunn\u00ed princ Wilhelm a princezna Cecilie Prusk\u00e1, stejn\u011b jako slavn\u00fd skladatel Johannes Brahms.<\/p><p>Nejtemn\u011bj\u0161\u00ed kapitola v historii hotelu za\u010dala v roce 1928, kdy se vedle nast\u011bhoval Hitler a za\u010dal systematicky vykupovat v\u0161echny budovy kolem sv\u00e9ho Berghofu. State\u010dn\u00fd Karl Schuster se vytrvale odm\u00edtal sv\u016fj hotel prodat a otev\u0159en\u011b vystupoval proti nacist\u016fm. Aby zlomili jeho odpor, byl Schuster na t\u0159i t\u00fddny posl\u00e1n do koncentra\u010dn\u00edho t\u00e1bora Dachau a jeho majetek byl nucen\u011b zabaven \u2013 ot\u0159esn\u00fd p\u0159\u00edklad brutality nacistick\u00e9ho re\u017eimu. B\u011bhem druh\u00e9 sv\u011btov\u00e9 v\u00e1lky slou\u017eil hotel jako ubytovna pro jednotky SS.<\/p><p>Pod hotelem se nach\u00e1z\u00ed velk\u00e1 \u010d\u00e1st dosud zachoval\u00fdch podzemn\u00edch bunkr\u016f, kter\u00e9 byly postaveny v roce 1943 jako protileteck\u00e9 kryty. A\u017e do prodeje hotelu v roce 2021 jsi mohl tyto prostory nav\u0161t\u00edvit. P\u0159i prohl\u00eddce podzemn\u00edch bunkr\u016f jsi na konci mohl dokonce vid\u011bt zazd\u011bn\u00fd vchod, kter\u00fd kdysi vedl k Hitlerovu Berghofu, nahl\u00e9dnout skrz st\u0159\u00edlny a prohl\u00e9dnout si t\u0159i podzemn\u00ed v\u011bze\u0148sk\u00e9 cely.<br \/>Cel\u00e1 s\u00ed\u0165 bunkr\u016f na Obersalzbergu zahrnovala \u0161est samostatn\u00fdch objekt\u016f s v\u00edce ne\u017e 6,5 kilometry tunel\u016f, kter\u00e9 se nach\u00e1zely 30 a\u017e 90 metr\u016f pod zem\u00ed. Tento propracovan\u00fd syst\u00e9m poskytoval b\u011bhem britsk\u00fdch bombardov\u00e1n\u00ed ochranu p\u0159ibli\u017en\u011b 3 000 lidem.<\/p><p>Po skon\u010den\u00ed v\u00e1lky byl t\u011b\u017ece po\u0161kozen\u00fd hotel zabaven st\u00e1tem. V ho\u0159k\u00e9 ironii musela rodina Schuster\/Scharfenberg bojovat o to, aby si mohla sv\u016fj vlastn\u00ed d\u016fm odkoupit zp\u011bt, aby nebyl vl\u00e1dou zbour\u00e1n. Je to absurdn\u00ed, kdy\u017e si uv\u011bdom\u00edte, \u017ee museli odkoupit sv\u016fj vlastn\u00ed majetek, a\u010dkoli jim byl pouh\u00e9 desetilet\u00ed p\u0159edt\u00edm n\u00e1siln\u011b odebr\u00e1n.<br \/>Rodina s l\u00e1skou zrenovovala d\u016fm a a\u017e do roku 2021 vedla hotel ji\u017e ve \u010dtvrt\u00e9 generaci.<\/p><p><span style=\"color: #ff0000;\">Hotel zum T\u00fcrken byl v roce 2021 prod\u00e1n a spole\u010dn\u011b s podzemn\u00edmi bunkry je od t\u00e9 doby bohu\u017eel na neur\u010ditou dobu uzav\u0159en.<\/span><\/p>\t\t\t\t\t\t\t\t<\/div>\n\t\t\t\t<div class=\"elementor-element elementor-element-2289c4c elementor-widget elementor-widget-heading\" data-id=\"2289c4c\" data-element_type=\"widget\" data-settings=\"{&quot;ekit_we_effect_on&quot;:&quot;none&quot;}\" data-widget_type=\"heading.default\">\n\t\t\t\t\t<h2 class=\"elementor-heading-title elementor-size-default\">Poz\u016fstatky takzvan\u00e9 \"hn\u011bd\u00e9 minulosti\"<\/h2>\t\t\t\t<\/div>\n\t\t\t\t<div class=\"elementor-element elementor-element-503a1b3 elementor-widget elementor-widget-text-editor\" data-id=\"503a1b3\" data-element_type=\"widget\" data-settings=\"{&quot;ekit_we_effect_on&quot;:&quot;none&quot;}\" data-widget_type=\"text-editor.default\">\n\t\t\t\t\t\t\t\t\t<p>A\u010dkoli Orl\u00ed hn\u00edzdo p\u0159ipom\u00edn\u00e1 nejtemn\u011bj\u0161\u00ed epochu n\u011bmeck\u00e9 historie, st\u00e1le je vysoko na seznamu n\u00e1v\u0161t\u011bv mnoha host\u016f Berchtesgadenu.<\/p><p>Zat\u00edmco ostatn\u00ed budovy na Obersalzbergu byly zni\u010deny, Orl\u00ed hn\u00edzdo z\u016fstalo u\u0161et\u0159eno britsk\u00fdch bombardov\u00e1n\u00ed v roce 1945. V\u011bt\u0161ina nacistick\u00fdch budov na Obersalzbergu byla po v\u00e1lce zbour\u00e1na, ale Orl\u00ed hn\u00edzdo na\u0161t\u011bst\u00ed zachovali. Od roku 1952 slou\u017e\u00ed jako restaurace.<\/p><p>Nad v\u011bt\u0161inou stavebn\u00edch poz\u016fstatk\u016f z obdob\u00ed T\u0159et\u00ed \u0159\u00ed\u0161e dnes rostou stromy a tr\u00e1va. N\u011bkdej\u0161\u00ed Bormann\u016fv statek na p\u0159\u00edstupov\u00e9 silnici k Obersalzbergu dnes v l\u00e9t\u011b l\u00e1k\u00e1 na golf a v zim\u011b na ly\u017eov\u00e1n\u00ed v dechberouc\u00ed scen\u00e9rii.<\/p><p>Turistick\u00fd z\u00e1jem o Obersalzberg nepolevuje. Zvl\u00e1\u0161t\u011b v hlavn\u00ed sez\u00f3n\u011b m\u00ed\u0159\u00ed denn\u011b k Orl\u00edmu hn\u00edzdu tis\u00edce n\u00e1v\u0161t\u011bvn\u00edk\u016f \u2013 jist\u011b ne jen kv\u016fli kr\u00e1sn\u00e9mu v\u00fdhledu.<\/p><p class=\"translation-block\">Hora m\u00e1 zkr\u00e1tka svou \u201ehn\u011bdou minulost\", kter\u00e1 z\u00e1rove\u0148 odpuzuje i fascinuje. <br>\nPro Berchtesgadensko je dne\u0161n\u00ed popularita hory d\u016fle\u017eit\u00fdm zdrojem p\u0159\u00edjm\u016f \u2013 sv\u00fdm zp\u016fsobem p\u0159\u00edsp\u011bvek k n\u00e1prav\u011b za zni\u010den\u00ed n\u011bkdej\u0161\u00edho rekrea\u010dn\u00edho r\u00e1je nacistick\u00fdmi vl\u00e1dci a za \u0161patnou pov\u011bst, do n\u00ed\u017e se Obersalzberg nezavin\u011bn\u011b dostal.<\/p>\t\t\t\t\t\t\t\t<\/div>\n\t\t\t\t<div class=\"elementor-element elementor-element-ff6c18b elementor-widget elementor-widget-image\" data-id=\"ff6c18b\" data-element_type=\"widget\" data-settings=\"{&quot;ekit_we_effect_on&quot;:&quot;none&quot;}\" data-widget_type=\"image.default\">\n\t\t\t\t\t\t\t\t\t\t\t\t\t\t\t<img loading=\"lazy\" decoding=\"async\" width=\"1920\" height=\"1080\" src=\"https:\/\/berchtesgadenerleben.de\/wp-content\/uploads\/2022\/05\/kehlsteinhaus.jpg\" class=\"attachment-full size-full wp-image-26104\" alt=\"Leteck\u00fd z\u00e1b\u011br z dronu na Orl\u00ed hn\u00edzdo s v\u00fdhledem do \u00fadol\u00ed\" srcset=\"https:\/\/berchtesgadenerleben.de\/wp-content\/uploads\/2022\/05\/kehlsteinhaus.jpg 1920w, https:\/\/berchtesgadenerleben.de\/wp-content\/uploads\/2022\/05\/kehlsteinhaus-300x169.jpg 300w, https:\/\/berchtesgadenerleben.de\/wp-content\/uploads\/2022\/05\/kehlsteinhaus-1024x576.jpg 1024w, https:\/\/berchtesgadenerleben.de\/wp-content\/uploads\/2022\/05\/kehlsteinhaus-768x432.jpg 768w, https:\/\/berchtesgadenerleben.de\/wp-content\/uploads\/2022\/05\/kehlsteinhaus-1536x864.jpg 1536w\" sizes=\"(max-width: 1920px) 100vw, 1920px\" \/>\t\t\t\t\t\t\t\t\t\t\t\t\t\t\t<\/div>\n\t\t\t\t<div class=\"elementor-element elementor-element-9dd8671 elementor-widget elementor-widget-heading\" data-id=\"9dd8671\" data-element_type=\"widget\" data-settings=\"{&quot;ekit_we_effect_on&quot;:&quot;none&quot;}\" data-widget_type=\"heading.default\">\n\t\t\t\t\t<h2 class=\"elementor-heading-title elementor-size-default\">Orl\u00ed hn\u00edzdo \u2013 Velkolep\u00e9 panorama a temn\u00e1 minulost<\/h2>\t\t\t\t<\/div>\n\t\t\t\t<div class=\"elementor-element elementor-element-4dd4906 elementor-widget elementor-widget-text-editor\" data-id=\"4dd4906\" data-element_type=\"widget\" data-settings=\"{&quot;ekit_we_effect_on&quot;:&quot;none&quot;}\" data-widget_type=\"text-editor.default\">\n\t\t\t\t\t\t\t\t\t<p>Orl\u00ed hn\u00edzdo nab\u00edz\u00ed za jasn\u00fdch dn\u016f jedno z nejp\u016fsobiv\u011bj\u0161\u00edch panoramat n\u011bmeck\u00fdch Alp. P\u0159ije\u010f brzy r\u00e1no, abys si vychutnal pln\u00fd z\u00e1\u017eitek bez dav\u016f lid\u00ed.<\/p><p>Kombinace dechberouc\u00edho v\u00fdhledu, p\u016fsobiv\u00e9 stavebn\u00ed historie a historick\u00e9ho v\u00fdznamu \u010din\u00ed z n\u00e1v\u0161t\u011bvy mnohovrstevn\u00fd z\u00e1\u017eitek.<\/p><p class=\"translation-block\"><strong>Nezapome\u0148:<\/strong> V\u00fdlet je siln\u011b z\u00e1visl\u00fd na po\u010das\u00ed \u2013 p\u0159i mlze nebo de\u0161ti p\u0159ijdete o skute\u010dn\u00fd vrchol, velkolep\u00fd v\u00fdhled. Informuj se p\u0159edem o pov\u011btrnostn\u00edch podm\u00ednk\u00e1ch na ho\u0159e a bu\u010f flexibiln\u00ed se sv\u00fdm pl\u00e1nov\u00e1n\u00edm.<\/p>\t\t\t\t\t\t\t\t<\/div>\n\t\t\t\t<\/article>\n\t\t\t\t\t<\/div>\n\t\t\t\t<\/main>\n\t\t\t\t<\/div>","protected":false},"excerpt":{"rendered":"<p>Objevte Orl\u00ed hn\u00edzdo s nejp\u016fsobiv\u011bj\u0161\u00edm alpsk\u00fdm panoramatem N\u011bmecka. Historick\u00e1 j\u00edzda autobusem, p\u016fvodn\u011b zachoval\u00fd v\u00fdtah a dechberouc\u00ed v\u00fdhled.<\/p>\n<div style=\"height: 15px;\"><\/div>\n<p class=\"translation-block\">\ud83d\udccd Jen 25 minut (10 minut k parkovi\u0161ti a 15 minut autobusem) od Berchtesgadenu ve v\u00fd\u0161ce 1 834 m<br> \ud83d\udd58 Kv\u011bten-\u0159\u00edjen denn\u011b 8:30-16:00<br> \ud83d\udcb6 31,90 \u20ac pro dosp\u011bl\u00e9<br> \ud83d\ude8c Speci\u00e1ln\u00ed autobusy v 25-minutov\u00fdch intervalech<\/p>","protected":false},"author":1,"featured_media":26104,"comment_status":"open","ping_status":"open","sticky":false,"template":"","format":"standard","meta":{"footnotes":""},"categories":[37],"tags":[],"class_list":["post-26083","post","type-post","status-publish","format-standard","has-post-thumbnail","hentry","category-top-20"],"_links":{"self":[{"href":"https:\/\/berchtesgadenerleben.de\/cs\/wp-json\/wp\/v2\/posts\/26083","targetHints":{"allow":["GET"]}}],"collection":[{"href":"https:\/\/berchtesgadenerleben.de\/cs\/wp-json\/wp\/v2\/posts"}],"about":[{"href":"https:\/\/berchtesgadenerleben.de\/cs\/wp-json\/wp\/v2\/types\/post"}],"author":[{"embeddable":true,"href":"https:\/\/berchtesgadenerleben.de\/cs\/wp-json\/wp\/v2\/users\/1"}],"replies":[{"embeddable":true,"href":"https:\/\/berchtesgadenerleben.de\/cs\/wp-json\/wp\/v2\/comments?post=26083"}],"version-history":[{"count":71,"href":"https:\/\/berchtesgadenerleben.de\/cs\/wp-json\/wp\/v2\/posts\/26083\/revisions"}],"predecessor-version":[{"id":27745,"href":"https:\/\/berchtesgadenerleben.de\/cs\/wp-json\/wp\/v2\/posts\/26083\/revisions\/27745"}],"wp:featuredmedia":[{"embeddable":true,"href":"https:\/\/berchtesgadenerleben.de\/cs\/wp-json\/wp\/v2\/media\/26104"}],"wp:attachment":[{"href":"https:\/\/berchtesgadenerleben.de\/cs\/wp-json\/wp\/v2\/media?parent=26083"}],"wp:term":[{"taxonomy":"category","embeddable":true,"href":"https:\/\/berchtesgadenerleben.de\/cs\/wp-json\/wp\/v2\/categories?post=26083"},{"taxonomy":"post_tag","embeddable":true,"href":"https:\/\/berchtesgadenerleben.de\/cs\/wp-json\/wp\/v2\/tags?post=26083"}],"curies":[{"name":"wp","href":"https:\/\/api.w.org\/{rel}","templated":true}]}}