{"id":25365,"date":"2022-04-21T17:47:53","date_gmt":"2022-04-21T17:47:53","guid":{"rendered":"https:\/\/berchtesgadenerleben.de\/?p=25365"},"modified":"2025-10-21T12:14:18","modified_gmt":"2025-10-21T12:14:18","slug":"hintersee-ramsau","status":"publish","type":"post","link":"https:\/\/berchtesgadenerleben.de\/cs\/hintersee-ramsau\/","title":{"rendered":"Hintersee"},"content":{"rendered":"<div data-elementor-type=\"wp-post\" data-elementor-id=\"25365\" class=\"elementor elementor-25365\" data-elementor-post-type=\"post\">\n\t\t\t\t<main class=\"elementor-element elementor-element-0f47508 e-flex e-con-boxed e-con e-parent\" data-id=\"0f47508\" data-element_type=\"container\" data-settings=\"{&quot;ekit_has_onepagescroll_dot&quot;:&quot;yes&quot;}\">\n\t\t\t\t\t<div class=\"e-con-inner\">\n\t\t<article class=\"elementor-element elementor-element-d548839 e-con-full e-flex e-con e-child\" data-id=\"d548839\" data-element_type=\"container\" data-settings=\"{&quot;ekit_has_onepagescroll_dot&quot;:&quot;yes&quot;}\">\n\t\t\t\t<div class=\"elementor-element elementor-element-898baaa elementor-widget elementor-widget-text-editor\" data-id=\"898baaa\" data-element_type=\"widget\" data-settings=\"{&quot;ekit_we_effect_on&quot;:&quot;none&quot;}\" data-widget_type=\"text-editor.default\">\n\t\t\t\t\t\t\t\t\t<p>Wir haben diesen Ort schon so viele Male besucht, dass wir aufgeh\u00f6rt haben zu z\u00e4hlen und trotzdem zieht es uns immer wieder hierher: zum Hintersee in Ramsau bei Berchtesgaden. Dieser kristallklare Bergsee, umgeben von den majest\u00e4tischen Gipfeln des Hochkalter-Massivs und der Reiteralpe, ist f\u00fcr uns einfach der perfekte Ort zum Durchatmen.<\/p><p>Wenn du uns fragst, was den Hintersee f\u00fcr uns so besonders macht, m\u00fcssten wir kurz \u00fcberlegen \u2013 nicht weil uns nichts einf\u00e4llt, sondern weil es so vieles gibt: die Gr\u00fcn- bis t\u00fcrkisfarbene Wasseroberfl\u00e4che, in der sich die Berge spiegeln, die gute Erreichbarkeit trotz naturbelassener Umgebung und die Vielfalt an M\u00f6glichkeiten, die so viel Abwechslung bieten, dass es selbst nach Jahren nicht langweilig wird.<\/p>\t\t\t\t\t\t\t\t<\/div>\n\t\t<article class=\"elementor-element elementor-element-aa3e8e7 e-con-full e-flex e-con e-child\" data-id=\"aa3e8e7\" data-element_type=\"container\" data-settings=\"{&quot;ekit_has_onepagescroll_dot&quot;:&quot;yes&quot;}\">\n\t\t\t\t<div class=\"elementor-element elementor-element-c0d4795 elementor-widget elementor-widget-image\" data-id=\"c0d4795\" data-element_type=\"widget\" data-settings=\"{&quot;ekit_we_effect_on&quot;:&quot;none&quot;}\" data-widget_type=\"image.default\">\n\t\t\t\t\t\t\t\t\t\t\t\t\t\t\t<img fetchpriority=\"high\" decoding=\"async\" width=\"1280\" height=\"720\" src=\"https:\/\/berchtesgadenerleben.de\/wp-content\/uploads\/2022\/04\/hintersee-zauberwald.jpg\" class=\"attachment-full size-full wp-image-25372\" alt=\"\" srcset=\"https:\/\/berchtesgadenerleben.de\/wp-content\/uploads\/2022\/04\/hintersee-zauberwald.jpg 1280w, https:\/\/berchtesgadenerleben.de\/wp-content\/uploads\/2022\/04\/hintersee-zauberwald-300x169.jpg 300w, https:\/\/berchtesgadenerleben.de\/wp-content\/uploads\/2022\/04\/hintersee-zauberwald-1024x576.jpg 1024w, https:\/\/berchtesgadenerleben.de\/wp-content\/uploads\/2022\/04\/hintersee-zauberwald-768x432.jpg 768w, https:\/\/berchtesgadenerleben.de\/wp-content\/uploads\/2022\/04\/hintersee-zauberwald-600x338.jpg 600w\" sizes=\"(max-width: 1280px) 100vw, 1280px\" \/>\t\t\t\t\t\t\t\t\t\t\t\t\t\t\t<\/div>\n\t\t\t\t<div class=\"elementor-element elementor-element-2e1b4ee elementor-widget elementor-widget-heading\" data-id=\"2e1b4ee\" data-element_type=\"widget\" data-settings=\"{&quot;ekit_we_effect_on&quot;:&quot;none&quot;}\" data-widget_type=\"heading.default\">\n\t\t\t\t\t<h2 class=\"elementor-heading-title elementor-size-default\">Die Entstehung des Hintersees \u2013 Ein Naturereignis mit Folgen<\/h2>\t\t\t\t<\/div>\n\t\t\t\t<div class=\"elementor-element elementor-element-43fe68e elementor-widget elementor-widget-text-editor\" data-id=\"43fe68e\" data-element_type=\"widget\" data-settings=\"{&quot;ekit_we_effect_on&quot;:&quot;none&quot;}\" data-widget_type=\"text-editor.default\">\n\t\t\t\t\t\t\t\t\t<p>Das wir den Hintersee heute besuchen k\u00f6nnen verdanken wir eigentlich einem ziemlich dramatischen Ereignis. Vor etwa 3.500 bis 4.000 Jahren brach ein gewaltiger Teil des Hochkalters ab. Rund 15 Millionen Kubikmeter Gestein st\u00fcrzten ins Tal und blockierten den Klausbach. So entstand der nat\u00fcrliche Damm, hinter dem sich der Hintersee bildete.<br \/><br \/>Die riesigen Felsbrocken dieses Bergsturzes bilden heute den mystischen Zauberwald \u2013 ein echtes geologisches Wunderwerk, das 2005 zu einem der 100 sch\u00f6nsten Geotope Bayerns erkl\u00e4rt wurde.<\/p>\t\t\t\t\t\t\t\t<\/div>\n\t\t\t\t<\/article>\n\t\t<article class=\"elementor-element elementor-element-a8bdccc e-con-full e-flex e-con e-child\" data-id=\"a8bdccc\" data-element_type=\"container\" data-settings=\"{&quot;ekit_has_onepagescroll_dot&quot;:&quot;yes&quot;}\">\n\t\t\t\t<div class=\"elementor-element elementor-element-4de976f elementor-widget elementor-widget-heading\" data-id=\"4de976f\" data-element_type=\"widget\" data-settings=\"{&quot;ekit_we_effect_on&quot;:&quot;none&quot;}\" data-widget_type=\"heading.default\">\n\t\t\t\t\t<h2 class=\"elementor-heading-title elementor-size-default\">Die besten Besuchszeiten f\u00fcr den Hintersee -Jede Jahreszeit hat ihren eigenen Zauber<\/h2>\t\t\t\t<\/div>\n\t\t\t\t<div class=\"elementor-element elementor-element-58274d1 elementor-widget elementor-widget-text-editor\" data-id=\"58274d1\" data-element_type=\"widget\" data-settings=\"{&quot;ekit_we_effect_on&quot;:&quot;none&quot;}\" data-widget_type=\"text-editor.default\">\n\t\t\t\t\t\t\t\t\t<p>Wir haben den Hintersee zu allen Jahreszeiten erlebt, und jede hat ihren ganz eigenen Reiz:<\/p><p><strong>Fr\u00fchling:<\/strong> Die gerade erst erwachende Natur zeigt sich von ihrer besten Seite. Im Zauberwald entdeckst du die ersten Fr\u00fchlingsblumen, und du genie\u00dft den noch nicht so stark besuchten Hintersee in Ruhe. Eine gute Zeit f\u00fcr dich, wenn du dem Trubel der Hauptsaison ausweichen m\u00f6chtest.<\/p><p><strong>Sommer:<\/strong> Die perfekte Zeit f\u00fcr einen Sprung ins k\u00fchle Nass \u2013 wobei &#8222;k\u00fchl&#8220; eher untertrieben ist. Das Wasser hat selbst im Hochsommer maximal 16\u00b0C. Au\u00dferdem die beste Zeit f\u00fcr l\u00e4ngere, ausgedehnte Wanderungen und entspannte Bootsfahrten auf dem See.<\/p><p><strong>Herbst:<\/strong> Unsere liebste Zeit am Hintersee! Die Laubb\u00e4ume am Ufer leuchten in Gold- und Rott\u00f6nen, der Morgennebel liegt morgens oft wie ein Schleier \u00fcber dem Wasser, und wenn die Sonne durchbricht, entsteht ein Lichtspiel, das einfach magisch ist. Oft setzen wir uns dann einfach auf eine der B\u00e4nke am Ufer und schauen eine Stunde lang aufs Wasser. Besser als jede Meditation.<\/p><p><strong>Winter:<\/strong> Wenn der See zufriert, verwandelt sich der Hintersee in ein Winterm\u00e4rchen. Schlittschuhlaufen auf der spiegelnden Eisfl\u00e4che, umgeben von schneebedeckten Bergen \u2013 ein ganz besonderes Erlebnis, wenn das Eis freigegeben ist.<\/p><p>Unser pers\u00f6nlicher Tipp f\u00fcr den Hintersee zu jeder Jahreszeit: Komm fr\u00fch! Um 7 Uhr morgens hast du den See das ganze Jahr \u00fcber fast f\u00fcr dich allein. Du teilst den Moment h\u00f6chstens mit ein paar Enten, den Fischern und vielleicht einem geduldigen Fotografen, der auf das perfekte Licht wartet.<\/p>\t\t\t\t\t\t\t\t<\/div>\n\t\t\t\t<\/article>\n\t\t<article class=\"elementor-element elementor-element-9d7853b e-con-full e-flex e-con e-child\" data-id=\"9d7853b\" data-element_type=\"container\" data-settings=\"{&quot;ekit_has_onepagescroll_dot&quot;:&quot;yes&quot;}\">\n\t\t\t\t<div class=\"elementor-element elementor-element-e1566a0 elementor-widget elementor-widget-heading\" data-id=\"e1566a0\" data-element_type=\"widget\" data-settings=\"{&quot;ekit_we_effect_on&quot;:&quot;none&quot;}\" data-widget_type=\"heading.default\">\n\t\t\t\t\t<h2 class=\"elementor-heading-title elementor-size-default\">Anreise &amp; Parken am Hintersee<\/h2>\t\t\t\t<\/div>\n\t\t\t\t<div class=\"elementor-element elementor-element-a8ae586 elementor-widget elementor-widget-text-editor\" data-id=\"a8ae586\" data-element_type=\"widget\" data-settings=\"{&quot;ekit_we_effect_on&quot;:&quot;none&quot;}\" data-widget_type=\"text-editor.default\">\n\t\t\t\t\t\t\t\t\t<p>Von Berchtesgaden folgst du einfach der Alpenstra\u00dfe B305 und der Beschilderung nach Ramsau und dann durch den Ort und weiter zum Hintersee. Dort hast du mehrere Parkm\u00f6glichkeiten:<\/p><ul><li>Parkplatz Seeklause \u2013 auch ideal als Ausgangspunkt zur Blaueish\u00fctte<\/li><li>Zauberwald-Parkplatz \u2013 ideal f\u00fcr den ersten Abstecher in den Zauberwald<\/li><li>Hintersee-Parkplatz am S\u00fcdufer \u2013 guter Startpunkt f\u00fcr den Rundweg<\/li><li>Hintersee-Parkplatz am Westufer \u2013 kleiner, aber oft weniger voll<\/li><li>Parkplatz an der Nationalpark-Infostelle Klausbachhaus \u2013 optimaler Ausgangspunkt f\u00fcr Wanderungen durch das Klausbachtal und zur Halsalm<\/li><\/ul><p><br \/>Die Parkgeb\u00fchren (2025) liegen bei etwa 9 Euro f\u00fcr den ganzen Tag.<\/p>\t\t\t\t\t\t\t\t<\/div>\n\t\t\t\t<\/article>\n\t\t<article class=\"elementor-element elementor-element-834343c e-con-full e-flex e-con e-child\" data-id=\"834343c\" data-element_type=\"container\" data-settings=\"{&quot;ekit_has_onepagescroll_dot&quot;:&quot;yes&quot;}\">\n\t\t\t\t<div class=\"elementor-element elementor-element-e866295 elementor-widget elementor-widget-heading\" data-id=\"e866295\" data-element_type=\"widget\" data-settings=\"{&quot;ekit_we_effect_on&quot;:&quot;none&quot;}\" data-widget_type=\"heading.default\">\n\t\t\t\t\t<h2 class=\"elementor-heading-title elementor-size-default\">Unsere liebsten Rundwege und Wanderungen rund um den Hintersee<\/h2>\t\t\t\t<\/div>\n\t\t\t\t<div class=\"elementor-element elementor-element-abaafd7 elementor-widget elementor-widget-heading\" data-id=\"abaafd7\" data-element_type=\"widget\" data-settings=\"{&quot;ekit_we_effect_on&quot;:&quot;none&quot;}\" data-widget_type=\"heading.default\">\n\t\t\t\t\t<h3 class=\"elementor-heading-title elementor-size-default\">Der Prinzregent-Luitpold-Weg - Die perfekte Einstiegstour<\/h3>\t\t\t\t<\/div>\n\t\t\t\t<div class=\"elementor-element elementor-element-063154d elementor-widget elementor-widget-text-editor\" data-id=\"063154d\" data-element_type=\"widget\" data-settings=\"{&quot;ekit_we_effect_on&quot;:&quot;none&quot;}\" data-widget_type=\"text-editor.default\">\n\t\t\t\t\t\t\t\t\t<p>Diese Runde um den See ist unser Standard-Programm. Der Weg ist nur 2,7 Kilometer lang, \u00fcberwindet gerade mal 11 H\u00f6henmeter und ist vollst\u00e4ndig barrierefrei \u2013 also auch mit Kinderwagen oder f\u00fcr weniger mobile Menschen gut zu bew\u00e4ltigen.<\/p><p>Der Blick ver\u00e4ndert sich mit jedem Schritt. Mal siehst du den Hochkalter im Hintergrund, dann wieder die Reiteralpe, und die Spiegelungen im Wasser sind von jedem Standpunkt anders.<\/p><p>Entlang des Weges gibt es au\u00dferdem auch 26 Informationstafeln in Form von Staffeleien. Sie zeigen Werke ber\u00fchmter Landschaftsmaler des 19. Jahrhunderts \u2013 quasi ein analoges Instagram.<\/p>\t\t\t\t\t\t\t\t<\/div>\n\t\t\t\t<div class=\"elementor-element elementor-element-c651fb4 elementor-widget elementor-widget-heading\" data-id=\"c651fb4\" data-element_type=\"widget\" data-settings=\"{&quot;ekit_we_effect_on&quot;:&quot;none&quot;}\" data-widget_type=\"heading.default\">\n\t\t\t\t\t<h3 class=\"elementor-heading-title elementor-size-default\">Der Zauberwald am Hintersee \u2013 ein besonderes Naturerlebnis<\/h3>\t\t\t\t<\/div>\n\t\t\t\t<div class=\"elementor-element elementor-element-f7b2424 elementor-widget elementor-widget-text-editor\" data-id=\"f7b2424\" data-element_type=\"widget\" data-settings=\"{&quot;ekit_we_effect_on&quot;:&quot;none&quot;}\" data-widget_type=\"text-editor.default\">\n\t\t\t\t\t\t\t\t\t<p>Der Zauberwald tr\u00e4gt seinen Namen nicht ohne Grund. Die gro\u00dfen, moosbewachsenen Felsbrocken und die dar\u00fcber aufragenden B\u00e4ume schaffen eine besondere Atmosph\u00e4re, w\u00e4hrend sich das kristallklare Wasser der Ramsauer Ache zwischen den Felsen seinen Weg bahnt.<br \/><br \/>Der gut ausgebaute Weg f\u00fchrt dich durch dieses geologische Highlight. Besonders eindrucksvoll ist der Zauberwald nach einem leichten Regenschauer, wenn das Moos in kr\u00e4ftigem Gr\u00fcn leuchtet und die gesamte Szenerie noch intensiver wirkt.<\/p>\t\t\t\t\t\t\t\t<\/div>\n\t\t\t\t<div class=\"elementor-element elementor-element-dd312cc elementor-widget elementor-widget-heading\" data-id=\"dd312cc\" data-element_type=\"widget\" data-settings=\"{&quot;ekit_we_effect_on&quot;:&quot;none&quot;}\" data-widget_type=\"heading.default\">\n\t\t\t\t\t<h3 class=\"elementor-heading-title elementor-size-default\">Wanderung zur Halsalm (1.213 m) - Spektakul\u00e4rer Panoramablick \u00fcber den Hintersee<\/h3>\t\t\t\t<\/div>\n\t\t\t\t<div class=\"elementor-element elementor-element-d8d5f9b elementor-widget elementor-widget-text-editor\" data-id=\"d8d5f9b\" data-element_type=\"widget\" data-settings=\"{&quot;ekit_we_effect_on&quot;:&quot;none&quot;}\" data-widget_type=\"text-editor.default\">\n\t\t\t\t\t\t\t\t\t<p>F\u00fcr alle, die etwas mehr Bewegung suchen empfehlen wir die Wanderung zur Halsalm (1.213 m). Sie ist unsere Lieblingswanderung, wenn wir einen aktiven Vormittag oder Nachmittag einlegen wollen. 430 H\u00f6henmeter auf 6,2 Kilometern (hin und zur\u00fcck) \u2013 anspruchsvoll genug f\u00fcr ein gutes Workout, aber machbar f\u00fcr jeden halbwegs fitten Menschen.<\/p><p>Starte am Parkplatz Klausbachhaus und folge zun\u00e4chst etwa 500 Meter der Hirschbichlstra\u00dfe.<\/p><p>Am Ende der umz\u00e4unten Wiese zweigt ein Almweg in Richtung Halsalm ab \u2013 hier beginnt dein Aufstieg. Der Weg f\u00fchrt in weiten Kehren durch den Wald stetig bergauf. Weiter geht es \u00fcber einen schmalen Pfad auf der Almfl\u00e4che zur Halsalm.<\/p><p>Oben angekommen wirst du mit einem herrlichen Ausblick belohnt. An der Almh\u00fctte und dem Brotzeitplatz genie\u00dft du eine beeindruckende Perspektive auf den t\u00fcrkisblauen Hintersee, der von hier wieder aus einer anderen Perspektive beeindruckt.<\/p><p>F\u00fcr den Abstieg bietet sich der direktere, aber anspruchsvollere Bergsteig am Antonigraben an, der dich schneller zur\u00fcck zum Hintersee bringt. Von dort wanderst du am Seeufer entlang und die letzten hundert Meter an der Stra\u00dfe zur\u00fcck zum Ausgangspunkt an der Nationalpark-Informationsstelle Hintersee.<\/p>\t\t\t\t\t\t\t\t<\/div>\n\t\t\t\t<div class=\"elementor-element elementor-element-077d4ae elementor-widget elementor-widget-heading\" data-id=\"077d4ae\" data-element_type=\"widget\" data-settings=\"{&quot;ekit_we_effect_on&quot;:&quot;none&quot;}\" data-widget_type=\"heading.default\">\n\t\t\t\t\t<h3 class=\"elementor-heading-title elementor-size-default\">Anspruchsvollere Bergtour zur Blaueish\u00fctte (1.650 m)<\/h3>\t\t\t\t<\/div>\n\t\t\t\t<div class=\"elementor-element elementor-element-ed3dc15 elementor-widget elementor-widget-text-editor\" data-id=\"ed3dc15\" data-element_type=\"widget\" data-settings=\"{&quot;ekit_we_effect_on&quot;:&quot;none&quot;}\" data-widget_type=\"text-editor.default\">\n\t\t\t\t\t\t\t\t\t<p>Wenn du richtig was f\u00fcr die Beine tun willst, dann ist die Tour zur Blaueish\u00fctte (1.650 m) genau das Richtige. Mit 880 H\u00f6henmetern und 10,2 Kilometern (hin und zur\u00fcck) ist das schon eine ordentliche Tagestour. So gesehen ist es keine Tagestour weil sie in 4 Stunden zu schaffen ist, aber du willst an dem Tag defintiv nichts mehr machen \ud83d\ude00<\/p><p>Aber der Schwei\u00df lohnt sich. Oben wartet nicht nur eine gem\u00fctliche DAV-H\u00fctte, sondern auch der Blick auf den Blaueisgletscher, einen der letzten seiner Art in Deutschland.<\/p><p>Die H\u00fcttenwirte backen t\u00e4glich frische Kuchen und Torten und die sind hier in Berchtesgaden fast schon legend\u00e4r.<\/p><p>Unsere Empfehlung: Probier unbedingt ein St\u00fcck \u2013 die Portionen sind gro\u00dfz\u00fcgig.<\/p><p><strong>\ud83d\udc49\u200b Wir haben hier eine <a title=\"Ausf\u00fchrliche Wanderbeschreibung zur Blaueish\u00fctte\" href=\"https:\/\/berchtesgadenerleben.de\/cs\/blaueishuette-ledovec-tura\/\">ausf\u00fchrliche Beschreibung der Wanderung zur Blaueish\u00fctte<\/a> mit allen Details zur Route, Einkehrm\u00f6glichkeiten und praktischen Tipps zusammengestellt.<\/strong><\/p>\t\t\t\t\t\t\t\t<\/div>\n\t\t\t\t<div class=\"elementor-element elementor-element-524d2b8 elementor-widget elementor-widget-heading\" data-id=\"524d2b8\" data-element_type=\"widget\" data-settings=\"{&quot;ekit_we_effect_on&quot;:&quot;none&quot;}\" data-widget_type=\"heading.default\">\n\t\t\t\t\t<h3 class=\"elementor-heading-title elementor-size-default\">Der Wartstein (893 m): Eindrucksvoller Ausblick bei minimalem Aufwand<\/h3>\t\t\t\t<\/div>\n\t\t\t\t<div class=\"elementor-element elementor-element-17ddef6 elementor-widget elementor-widget-text-editor\" data-id=\"17ddef6\" data-element_type=\"widget\" data-settings=\"{&quot;ekit_we_effect_on&quot;:&quot;none&quot;}\" data-widget_type=\"text-editor.default\">\n\t\t\t\t\t\t\t\t\t<p>Mit nur 100 H\u00f6henmetern und einer Gehzeit von etwa 45 Minuten (hin und zur\u00fcck) bietet diese kurze &#8211; nennen wir es trotzdem mal &#8211; Wanderung ein ausgezeichnetes Verh\u00e4ltnis von Aufwand zu Erlebnis. Der Wartstein eignet sich perfekt f\u00fcr Familien mit Kindern oder wenn du nur begrenzt Zeit zur Verf\u00fcgung hast.<\/p><p>Vom Nordostufer des Hintersees folgst du dem markierten Weg Nr. 62 bergauf. Nach etwa 20 Minuten erreichst du den Gipfel. Von hier aus siehst du den wundersch\u00f6nen Hintersee wie auf einem Silbertablett pr\u00e4sentiert, eingerahmt von den imposanten Bergketten.<\/p><p>Das Besondere: Diesen Ausblick teilst du meist nur mit einer Handvoll anderer Wanderer, oder sogar mit niemandem \u2013 ein seltener Luxus in Zeiten von Instagram-Hotspots. Auf dem R\u00fcckweg solltest du unbedingt einen Abstecher zur kleinen Magdalenengrotte machen \u2013 eine winzige H\u00f6hlenkapelle in einer nat\u00fcrlichen Felsspalte direkt unterhalb des Gipfels.<\/p>\t\t\t\t\t\t\t\t<\/div>\n\t\t\t\t<\/article>\n\t\t<article class=\"elementor-element elementor-element-48c7b0c e-con-full e-flex e-con e-child\" data-id=\"48c7b0c\" data-element_type=\"container\" data-settings=\"{&quot;ekit_has_onepagescroll_dot&quot;:&quot;yes&quot;}\">\n\t\t\t\t<div class=\"elementor-element elementor-element-5fa7255 elementor-widget elementor-widget-heading\" data-id=\"5fa7255\" data-element_type=\"widget\" data-settings=\"{&quot;ekit_we_effect_on&quot;:&quot;none&quot;}\" data-widget_type=\"heading.default\">\n\t\t\t\t\t<h2 class=\"elementor-heading-title elementor-size-default\">Mehr als nur Wandern - Was du sonst noch am Hintersee erleben kannst<\/h2>\t\t\t\t<\/div>\n\t\t\t\t<div class=\"elementor-element elementor-element-edcd69f elementor-widget elementor-widget-heading\" data-id=\"edcd69f\" data-element_type=\"widget\" data-settings=\"{&quot;ekit_we_effect_on&quot;:&quot;none&quot;}\" data-widget_type=\"heading.default\">\n\t\t\t\t\t<h3 class=\"elementor-heading-title elementor-size-default\">Mit dem Boot \u00fcber den Hintersee gleiten<\/h3>\t\t\t\t<\/div>\n\t\t\t\t<div class=\"elementor-element elementor-element-78046f9 elementor-widget elementor-widget-text-editor\" data-id=\"78046f9\" data-element_type=\"widget\" data-settings=\"{&quot;ekit_we_effect_on&quot;:&quot;none&quot;}\" data-widget_type=\"text-editor.default\">\n\t\t\t\t\t\t\t\t\t<p>An lauen Sommerabenden gibt es f\u00fcr uns nichts Sch\u00f6neres als eine Bootsfahrt auf dem kristallklaren Wasser. An mehreren Stellen am Ufer kannst du Ruder- und Tretboote mieten (12-15 \u20ac pro Stunde). Die Bootsfahrt bietet besonders am sp\u00e4ten Nachmittag eine ruhige Atmosph\u00e4re und einen beeindruckenden Blick auf die umliegenden Berge. Du erlebst den See aus einer ganz anderen Perspektive als vom Ufer aus.<\/p><p>Ein besonderes Erlebnis ist au\u00dferdem eine Fahrt mit dem historischen F\u00e4hrschiff \u201eAnnerl&#8220; \u2013 einem kleinen Elektroboot, das in den Sommermonaten zwischen West- und Ostufer pendelt. Der F\u00e4hrmann hat immer eine gute Geschichte auf Lager und kennt die besten Fotospots am See.<\/p>\t\t\t\t\t\t\t\t<\/div>\n\t\t\t\t<div class=\"elementor-element elementor-element-bb1dea5 elementor-widget elementor-widget-heading\" data-id=\"bb1dea5\" data-element_type=\"widget\" data-settings=\"{&quot;ekit_we_effect_on&quot;:&quot;none&quot;}\" data-widget_type=\"heading.default\">\n\t\t\t\t\t<h3 class=\"elementor-heading-title elementor-size-default\">Die besten Fotospots am Hintersee<\/h3>\t\t\t\t<\/div>\n\t\t\t\t<div class=\"elementor-element elementor-element-463bdf0 elementor-widget elementor-widget-text-editor\" data-id=\"463bdf0\" data-element_type=\"widget\" data-settings=\"{&quot;ekit_we_effect_on&quot;:&quot;none&quot;}\" data-widget_type=\"text-editor.default\">\n\t\t\t\t\t\t\t\t\t<p>Apropos Fotospots. F\u00fcr Fotografen ist der Hintersee das reinste Paradies. Die Spiegelungen der Berge im klaren Wasser sind besonders am fr\u00fchen Morgen atemberaubend, wenn die Wasseroberfl\u00e4che noch v\u00f6llig glatt ist.<br \/>Unsere Lieblings-Fotospots:<\/p><ul><li>Das Nordufer f\u00fcr den klassischen Blick auf den Hochkalter<\/li><li>Der Zauberwald f\u00fcr mystische Stimmungen mit Lichtstreifen durch die B\u00e4ume<\/li><li>Die kleine Holzbr\u00fccke am Ostufer f\u00fcr perfekt gerahmte See-Perspektiven<\/li><\/ul>\t\t\t\t\t\t\t\t<\/div>\n\t\t\t\t<\/article>\n\t\t<article class=\"elementor-element elementor-element-cb79d62 e-con-full e-flex e-con e-child\" data-id=\"cb79d62\" data-element_type=\"container\" data-settings=\"{&quot;ekit_has_onepagescroll_dot&quot;:&quot;yes&quot;}\">\n\t\t\t\t<div class=\"elementor-element elementor-element-d64e0fd elementor-widget elementor-widget-heading\" data-id=\"d64e0fd\" data-element_type=\"widget\" data-settings=\"{&quot;ekit_we_effect_on&quot;:&quot;none&quot;}\" data-widget_type=\"heading.default\">\n\t\t\t\t\t<h2 class=\"elementor-heading-title elementor-size-default\">Der Hintersee als Tor zum Nationalpark Berchtesgaden<\/h2>\t\t\t\t<\/div>\n\t\t\t\t<div class=\"elementor-element elementor-element-afe7721 elementor-widget elementor-widget-text-editor\" data-id=\"afe7721\" data-element_type=\"widget\" data-settings=\"{&quot;ekit_we_effect_on&quot;:&quot;none&quot;}\" data-widget_type=\"text-editor.default\">\n\t\t\t\t\t\t\t\t\t<p>Der Hintersee liegt praktisch am Eingang zum Nationalpark Berchtesgaden, der ersten alpinen Schutzzone Deutschlands.<\/p><p>Das angrenzende Klausbachtal tr\u00e4gt den Beinamen \u201eTal der Adler&#8220; \u2013 und tats\u00e4chlich kannst du hier mit etwas Gl\u00fcck Steinadler und Bartgeier bei ihren Fl\u00fcgen beobachten.<\/p><p>Im Winter gibt es im Klausbachtal regelm\u00e4\u00dfige Wildf\u00fctterungen, bei denen du Hirsche und Rehe aus n\u00e4chster N\u00e4he beobachten kannst \u2013 ein magisches Erlebnis besonders f\u00fcr Kinder.<\/p><p>M\u00f6chtest du mehr dar\u00fcber erfahren? Dann lies unbedingt unseren <a href=\"https:\/\/berchtesgadenerleben.de\/cs\/klausbachtal-nationalpark-berchtesgaden\/\">ausf\u00fchrlichen Artikel \u00fcber das Klausbachtal im Nationalpark Berchtesgaden<\/a>. Dort findest du detaillierte Informationen zu Wanderrouten, den besten Beobachtungspunkten und saisonalen Besonderheiten.<\/p>\t\t\t\t\t\t\t\t<\/div>\n\t\t\t\t<\/article>\n\t\t<article class=\"elementor-element elementor-element-41d374e e-con-full e-flex e-con e-child\" data-id=\"41d374e\" data-element_type=\"container\" data-settings=\"{&quot;ekit_has_onepagescroll_dot&quot;:&quot;yes&quot;}\">\n\t\t\t\t<div class=\"elementor-element elementor-element-729665b elementor-widget elementor-widget-heading\" data-id=\"729665b\" data-element_type=\"widget\" data-settings=\"{&quot;ekit_we_effect_on&quot;:&quot;none&quot;}\" data-widget_type=\"heading.default\">\n\t\t\t\t\t<h2 class=\"elementor-heading-title elementor-size-default\">Warum der Hintersee das perfekte Ausflugsziel f\u00fcr uns ist (und f\u00fcr dich jetzt auch)<\/h2>\t\t\t\t<\/div>\n\t\t\t\t<div class=\"elementor-element elementor-element-41a31ae elementor-widget elementor-widget-text-editor\" data-id=\"41a31ae\" data-element_type=\"widget\" data-settings=\"{&quot;ekit_we_effect_on&quot;:&quot;none&quot;}\" data-widget_type=\"text-editor.default\">\n\t\t\t\t\t\t\t\t\t<p>Was uns immer wieder hierher zieht? Es ist diese besondere Mischung aus beeindruckender Landschaft und beruhigender Wirkung. Der Hintersee ist f\u00fcr uns ein Ort, an dem wir durchatmen k\u00f6nnen. Wo die Zeit langsamer zu vergehen scheint. Wo die Morgensonne den See zum Leuchten bringt und wo es sich selbst nach dem zwanzigsten Besuch noch anf\u00fchlt wie das erste mal.<\/p><p>Das Sch\u00f6ne am Hintersee au\u00dferdem: Er ist leicht erreichbar und trotzdem ein echtes Naturerlebnis. Und rund um den See ist f\u00fcr jeden etwas dabei \u2013 vom gem\u00fctlichen Spaziergang bis zur anspruchsvollen Bergtour, vom ruhigen Naturbeobachten bis zum aktiven Wassersport.<\/p><p>Ob du mit Familie, Freunden oder allein unterwegs bist \u2013 der Hintersee ist einer jener seltenen Orte, die dir ein L\u00e4cheln ins Gesicht zaubern und dich mit dem Gef\u00fchl nach Hause schicken: \u201eDa will ich wieder hin.&#8220;<\/p><p>Und wenn du Martina und mich mal wieder nicht erreichen kannst \u2013 schau mal am Hintersee nach. Wahrscheinlich sitzen wir auf unserer Lieblingsbank am Ostufer, genie\u00dfen die Aussicht und sind einfach nur dankbar f\u00fcr dieses kleine St\u00fcck Paradies vor unserer Haust\u00fcr.<\/p>\t\t\t\t\t\t\t\t<\/div>\n\t\t\t\t<\/article>\n\t\t\t\t<\/article>\n\t\t\t\t\t<\/div>\n\t\t\t\t<\/main>\n\t\t\t\t<\/div>","protected":false},"excerpt":{"rendered":"<p>Objevte malebn\u00e9 jezero Hintersee v Ramsau \u2013 tyrkysov\u00fd klenot uprost\u0159ed impozantn\u00edch Berchtesgadensk\u00fdch Alp. S mystick\u00fdm Kouzeln\u00fdm lesem a rozmanit\u00fdmi mo\u017enostmi t\u00far nab\u00edz\u00ed nezapomenuteln\u00fd p\u0159\u00edrodn\u00ed z\u00e1\u017eitek.<\/p>\n<div style=\"height: 15px;\"><\/div>\n<p class=\"translation-block\">\ud83d\udccd V Ramsau u Berchtesgadenu<br> \ud83d\udd58 P\u0159\u00edstupn\u00e9 celoro\u010dn\u011b, ka\u017ed\u00e9 ro\u010dn\u00ed obdob\u00ed m\u00e1 sv\u00e9 vlastn\u00ed kouzlo<br> \ud83d\udcb6 Poplatek za parkov\u00e1n\u00ed: cca 9 \u20ac za den<br> \ud83d\udc6a Ide\u00e1ln\u00ed pro rodiny, fotografy a milovn\u00edky p\u0159\u00edrody<\/p>","protected":false},"author":1,"featured_media":25380,"comment_status":"open","ping_status":"open","sticky":false,"template":"","format":"standard","meta":{"footnotes":""},"categories":[1,37],"tags":[],"class_list":["post-25365","post","type-post","status-publish","format-standard","has-post-thumbnail","hentry","category-seen","category-top-20"],"_links":{"self":[{"href":"https:\/\/berchtesgadenerleben.de\/cs\/wp-json\/wp\/v2\/posts\/25365","targetHints":{"allow":["GET"]}}],"collection":[{"href":"https:\/\/berchtesgadenerleben.de\/cs\/wp-json\/wp\/v2\/posts"}],"about":[{"href":"https:\/\/berchtesgadenerleben.de\/cs\/wp-json\/wp\/v2\/types\/post"}],"author":[{"embeddable":true,"href":"https:\/\/berchtesgadenerleben.de\/cs\/wp-json\/wp\/v2\/users\/1"}],"replies":[{"embeddable":true,"href":"https:\/\/berchtesgadenerleben.de\/cs\/wp-json\/wp\/v2\/comments?post=25365"}],"version-history":[{"count":28,"href":"https:\/\/berchtesgadenerleben.de\/cs\/wp-json\/wp\/v2\/posts\/25365\/revisions"}],"predecessor-version":[{"id":27709,"href":"https:\/\/berchtesgadenerleben.de\/cs\/wp-json\/wp\/v2\/posts\/25365\/revisions\/27709"}],"wp:featuredmedia":[{"embeddable":true,"href":"https:\/\/berchtesgadenerleben.de\/cs\/wp-json\/wp\/v2\/media\/25380"}],"wp:attachment":[{"href":"https:\/\/berchtesgadenerleben.de\/cs\/wp-json\/wp\/v2\/media?parent=25365"}],"wp:term":[{"taxonomy":"category","embeddable":true,"href":"https:\/\/berchtesgadenerleben.de\/cs\/wp-json\/wp\/v2\/categories?post=25365"},{"taxonomy":"post_tag","embeddable":true,"href":"https:\/\/berchtesgadenerleben.de\/cs\/wp-json\/wp\/v2\/tags?post=25365"}],"curies":[{"name":"wp","href":"https:\/\/api.w.org\/{rel}","templated":true}]}}