{"id":25246,"date":"2022-04-20T12:54:41","date_gmt":"2022-04-20T12:54:41","guid":{"rendered":"https:\/\/berchtesgadenerleben.de\/?p=25246"},"modified":"2025-10-21T12:17:22","modified_gmt":"2025-10-21T12:17:22","slug":"almbachklamm","status":"publish","type":"post","link":"https:\/\/berchtesgadenerleben.de\/cs\/almbachklamm\/","title":{"rendered":"Sout\u011bska Almbachklamm"},"content":{"rendered":"<div data-elementor-type=\"wp-post\" data-elementor-id=\"25246\" class=\"elementor elementor-25246\" data-elementor-post-type=\"post\">\n\t\t\t\t<main class=\"elementor-element elementor-element-30ee3fc e-flex e-con-boxed e-con e-parent\" data-id=\"30ee3fc\" data-element_type=\"container\" data-settings=\"{&quot;ekit_has_onepagescroll_dot&quot;:&quot;yes&quot;}\">\n\t\t\t\t\t<div class=\"e-con-inner\">\n\t\t<article class=\"elementor-element elementor-element-a4acb93 e-con-full e-flex e-con e-child\" data-id=\"a4acb93\" data-element_type=\"container\" data-settings=\"{&quot;ekit_has_onepagescroll_dot&quot;:&quot;yes&quot;}\">\n\t\t\t\t<div class=\"elementor-element elementor-element-f3d3f0c elementor-widget elementor-widget-text-editor\" data-id=\"f3d3f0c\" data-element_type=\"widget\" data-settings=\"{&quot;ekit_we_effect_on&quot;:&quot;none&quot;}\" data-widget_type=\"text-editor.default\">\n\t\t\t\t\t\t\t\t\t<p>Pokud jste v Berchtesgadenu, nesm\u00edte si nechat uj\u00edt v\u00fdlet do okouzluj\u00edc\u00ed sout\u011bsky Almbachklamm. Pat\u0159\u00ed mezi nejkr\u00e1sn\u011bj\u0161\u00ed p\u0159\u00edrodn\u00ed z\u00e1\u017eitky, kter\u00e9 v\u00e1m tato oblast m\u016f\u017ee nab\u00eddnout.<\/p><p>Sout\u011bska se nach\u00e1z\u00ed mezi m\u011bste\u010dky Marktschellenberg a Berchtesgaden, obklopen\u00e1 majest\u00e1tn\u00edmi horami Berchtesgadensk\u00fdch Alp. Po cel\u00e9 d\u00e9lce vede bezpe\u010dn\u00e1 stezka, kter\u00e1 v\u00e1s provede p\u0159es 29 most\u016f a 210 v\u00fd\u0161kov\u00fdch metr\u016f. Cestou budete m\u00edjet bur\u00e1cej\u00edc\u00ed potok Almbach s jeho \u00fachvatn\u00fdmi kask\u00e1dovit\u00fdmi vodop\u00e1dy, a\u017e doraz\u00edte k historick\u00e9 p\u0159ehrad\u011b Theresienklause.<\/p><p>Odtud se m\u016f\u017eete vydat t\u0159emi sm\u011bry \u2013 bu\u010f stejnou cestou zp\u00e1tky (celkem asi 2 hodiny ch\u016fze), nebo pokra\u010dovat okru\u017en\u00ed trasou p\u0159es vesni\u010dku Ettenberg (asi 3,5 hodiny) \u010di p\u0159es hostinec D\u00fcrrlehen sm\u011brem k Maria Gern (asi 3 hodiny). Ob\u011b okru\u017en\u00ed trasy v\u00e1m podrobn\u011bji pop\u00ed\u0161eme n\u00ed\u017ee.<\/p><p>D\u016fle\u017eit\u00e9 upozorn\u011bn\u00ed: V samotn\u00e9 sout\u011bsce nenajdete \u017e\u00e1dn\u00e9 ob\u010derstven\u00ed, proto si nezapome\u0148te vz\u00edt s sebou dostatek j\u00eddla a pit\u00ed!<\/p>\t\t\t\t\t\t\t\t<\/div>\n\t\t\t\t<div class=\"elementor-element elementor-element-8ffd3a1 elementor-alert-info elementor-widget elementor-widget-alert\" data-id=\"8ffd3a1\" data-element_type=\"widget\" data-settings=\"{&quot;ekit_we_effect_on&quot;:&quot;none&quot;}\" data-widget_type=\"alert.default\">\n\t\t\t\t\t\t\t<div class=\"elementor-alert\" role=\"alert\">\n\n\t\t\t\t\t\t<span class=\"elementor-alert-title\">Pozor!<\/span>\n\t\t\t\n\t\t\t\t\t\t<span class=\"elementor-alert-description\">I kdy\u017e je stezka velmi dob\u0159e zaji\u0161t\u011bn\u00e1 ocelov\u00fdmi lany, kamenit\u00fd povrch b\u00fdv\u00e1 \u010dasto mokr\u00fd a kluzk\u00fd. Kvalitn\u00ed turistick\u00e1 obuv s protiskluzovou podr\u00e1\u017ekou je proto naprostou nutnost\u00ed! <\/span>\n\t\t\t\n\t\t\t\n\t\t<\/div>\n\t\t\t\t\t\t<\/div>\n\t\t\t\t<div class=\"elementor-element elementor-element-7bcb805 elementor-widget elementor-widget-heading\" data-id=\"7bcb805\" data-element_type=\"widget\" data-settings=\"{&quot;ekit_we_effect_on&quot;:&quot;none&quot;}\" data-widget_type=\"heading.default\">\n\t\t\t\t\t<h2 class=\"elementor-heading-title elementor-size-default\">Almbachklamm t\u00fara p\u0159es Ettenberg s n\u00e1dhern\u00fdmi v\u00fdhledy (okruh)<\/h2>\t\t\t\t<\/div>\n\t\t\t\t<div class=\"elementor-element elementor-element-1184e34 elementor-widget elementor-widget-image\" data-id=\"1184e34\" data-element_type=\"widget\" data-settings=\"{&quot;ekit_we_effect_on&quot;:&quot;none&quot;}\" data-widget_type=\"image.default\">\n\t\t\t\t\t\t\t\t\t\t\t\t\t\t\t<img fetchpriority=\"high\" decoding=\"async\" width=\"1280\" height=\"720\" src=\"https:\/\/berchtesgadenerleben.de\/wp-content\/uploads\/2022\/04\/almbachklamm-ettenberg.jpg\" class=\"attachment-full size-full wp-image-25258\" alt=\"Poutn\u00ed kostel na Ettenbergu s panoramatem Untersbergu v pozad\u00ed\" srcset=\"https:\/\/berchtesgadenerleben.de\/wp-content\/uploads\/2022\/04\/almbachklamm-ettenberg.jpg 1280w, https:\/\/berchtesgadenerleben.de\/wp-content\/uploads\/2022\/04\/almbachklamm-ettenberg-300x169.jpg 300w, https:\/\/berchtesgadenerleben.de\/wp-content\/uploads\/2022\/04\/almbachklamm-ettenberg-1024x576.jpg 1024w, https:\/\/berchtesgadenerleben.de\/wp-content\/uploads\/2022\/04\/almbachklamm-ettenberg-768x432.jpg 768w, https:\/\/berchtesgadenerleben.de\/wp-content\/uploads\/2022\/04\/almbachklamm-ettenberg-600x338.jpg 600w\" sizes=\"(max-width: 1280px) 100vw, 1280px\" \/>\t\t\t\t\t\t\t\t\t\t\t\t\t\t\t<\/div>\n\t\t\t\t<div class=\"elementor-element elementor-element-521afbb elementor-widget elementor-widget-text-editor\" data-id=\"521afbb\" data-element_type=\"widget\" data-settings=\"{&quot;ekit_we_effect_on&quot;:&quot;none&quot;}\" data-widget_type=\"text-editor.default\">\n\t\t\t\t\t\t\t\t\t<p><strong><a href=\"https:\/\/berchtesgadenerleben.de\/cs\/almbachklamm-tura\/\">Zde najde\u0161 podrobn\u00fd popis t\u00fary sout\u011bskou Almbachklamm p\u0159es Ettenberg<\/a><\/strong><\/p><p>Tato varianta je na\u0161e srdcov\u00e1 z\u00e1le\u017eitost a v\u0159ele ji doporu\u010dujeme!<\/p><p>V\u00fdchoz\u00edm bodem okru\u017en\u00ed trasy je unik\u00e1tn\u00ed Kulov\u00fd ml\u00fdn (Kugelm\u00fchle) \u2013 posledn\u00ed sv\u00e9ho druhu na sv\u011bt\u011b, kter\u00fd je dodnes v provozu. Odtud se vyd\u00e1te na 3 km dlouhou cestu p\u0159es 29 most\u016f. Bezpe\u010dn\u00e1 stezka vedouc\u00ed po skaln\u00edch \u0159\u00edms\u00e1ch v\u00e1s provede pod\u00e9l k\u0159i\u0161\u0165\u00e1lov\u011b \u010dist\u00fdch vod a \u010detn\u00fdch vodop\u00e1d\u016f a\u017e k impozantn\u00ed p\u0159ehrad\u011b Theresienklause.<\/p><p>V minulosti, kdy\u017e se sout\u011bska vyu\u017e\u00edvala k plaven\u00ed d\u0159eva, se zde zadr\u017eovala voda, kter\u00e1 pak po otev\u0159en\u00ed stavidel un\u00e1\u0161ela t\u011b\u017ek\u00e9 kmeny dol\u016f \u00fadol\u00edm. Cestou naraz\u00edte na informa\u010dn\u00ed tabule s historick\u00fdmi fotografiemi tohoto pozoruhodn\u00e9ho procesu. O hr\u00e1zi Theresienklause se dozv\u00edte v\u00edce v samostatn\u00e9 \u010d\u00e1sti n\u00ed\u017ee.<\/p><p>Od p\u0159ehrady pokra\u010dujte doprava sm\u011brem na Ettenberg (sledujte zna\u010den\u00ed k hostinci Messnerwirt). Cesta vede nejprve \u00fazkou lesn\u00ed p\u011b\u0161inou a pot\u00e9 kr\u00e1tce po asfaltov\u00e9 silnici a\u017e k n\u00e1dhern\u00e9mu poutn\u00edmu kostelu Nav\u0161t\u00edven\u00ed Panny Marie a hostinci Messnerwirt. Zde m\u00e1te prvn\u00ed a jedinou p\u0159\u00edle\u017eitost k ob\u010derstven\u00ed b\u011bhem okru\u017en\u00ed trasy \u2013 dal\u0161\u00ed mo\u017enost se naskytne a\u017e na konci v\u00fdletu v restauraci \u201eZur Kugelm\u00fchle\". \n\nPo odpo\u010dinku rozhodn\u011b nakoukn\u011bte dovnit\u0159 poutn\u00edho kostela. Jeho barokn\u011b-rokokov\u00fd interi\u00e9r zdoben\u00fd n\u00e1dhern\u00fdmi barevn\u00fdmi freskami v\u00e1s okouzl\u00ed. Zp\u011bt k v\u00fdchoz\u00edmu bodu se dostanete poln\u00ed cestou pod kostelem \u2013 sta\u010d\u00ed sledovat zna\u010den\u00ed \u201eHammerstielsteig\".<\/p><p>Ne\u017e definitivn\u011b opust\u00edte Ettenberg, nezapome\u0148te se asi 150 metr\u016f od kostela oto\u010dit a vychutnat si ten nejkr\u00e1sn\u011bj\u0161\u00ed v\u00fdhled na cel\u00e9 trase \u2013 panorama Untersbergu v pozad\u00ed, kter\u00e9 cel\u00e9mu v\u00fdletu nasad\u00ed korunu! \ud83d\ude0a Z poln\u00ed cesty pak vstoup\u00edte do lesa, kde po ko\u0159enech a p\u0159\u00edrodn\u00edch schodech rychle sestoup\u00edte zp\u011bt ke Kugelm\u00fchle.<\/p>\t\t\t\t\t\t\t\t<\/div>\n\t\t\t\t<div class=\"elementor-element elementor-element-bec2592 elementor-widget elementor-widget-heading\" data-id=\"bec2592\" data-element_type=\"widget\" data-settings=\"{&quot;ekit_we_effect_on&quot;:&quot;none&quot;}\" data-widget_type=\"heading.default\">\n\t\t\t\t\t<h2 class=\"elementor-heading-title elementor-size-default\">Almbachklamm t\u00fara p\u0159es Maria Gern (okruh)<\/h2>\t\t\t\t<\/div>\n\t\t\t\t<div class=\"elementor-element elementor-element-aa09d08 elementor-widget elementor-widget-image\" data-id=\"aa09d08\" data-element_type=\"widget\" data-settings=\"{&quot;ekit_we_effect_on&quot;:&quot;none&quot;}\" data-widget_type=\"image.default\">\n\t\t\t\t\t\t\t\t\t\t\t\t\t\t\t<img decoding=\"async\" width=\"1280\" height=\"720\" src=\"https:\/\/berchtesgadenerleben.de\/wp-content\/uploads\/2022\/04\/almbachklamm-maria-gern.jpg\" class=\"attachment-full size-full wp-image-25261\" alt=\"Poutn\u00ed kostel v Maria Gern s dechberouc\u00edm v\u00fdhledem na Watzmann\" srcset=\"https:\/\/berchtesgadenerleben.de\/wp-content\/uploads\/2022\/04\/almbachklamm-maria-gern.jpg 1280w, https:\/\/berchtesgadenerleben.de\/wp-content\/uploads\/2022\/04\/almbachklamm-maria-gern-300x169.jpg 300w, https:\/\/berchtesgadenerleben.de\/wp-content\/uploads\/2022\/04\/almbachklamm-maria-gern-1024x576.jpg 1024w, https:\/\/berchtesgadenerleben.de\/wp-content\/uploads\/2022\/04\/almbachklamm-maria-gern-768x432.jpg 768w, https:\/\/berchtesgadenerleben.de\/wp-content\/uploads\/2022\/04\/almbachklamm-maria-gern-600x338.jpg 600w\" sizes=\"(max-width: 1280px) 100vw, 1280px\" \/>\t\t\t\t\t\t\t\t\t\t\t\t\t\t\t<\/div>\n\t\t\t\t<div class=\"elementor-element elementor-element-471eb0a elementor-widget elementor-widget-text-editor\" data-id=\"471eb0a\" data-element_type=\"widget\" data-settings=\"{&quot;ekit_we_effect_on&quot;:&quot;none&quot;}\" data-widget_type=\"text-editor.default\">\n\t\t\t\t\t\t\t\t\t<p>Tak\u00e9 tato trasa za\u010d\u00edn\u00e1 u Kugelm\u00fchle a a\u017e k hr\u00e1zi Theresienklause je shodn\u00e1 s p\u0159edchoz\u00ed variantou. Odtud v\u0161ak nezabo\u010d\u00edte doprava, ale budete pokra\u010dovat rovn\u011b podle zna\u010den\u00ed sm\u011brem k Maria Gern, respektive k hostinci D\u00fcrrlehen.<\/p><p>Hostinec se slunnou terasou a \u00fachvatn\u00fdm v\u00fdhledem na ikonick\u00fd Watzmann p\u0159edstavuje ide\u00e1ln\u00ed m\u00edsto k odpo\u010dinku a ob\u010derstven\u00ed. M\u00edstn\u00ed kuchyn\u011b v\u00e1s pot\u011b\u0161\u00ed tradi\u010dn\u00edmi bavorsk\u00fdmi specialitami, kter\u00e9 v\u00e1m dodaj\u00ed energii na zbytek cesty.<\/p><p class=\"translation-block\">Po odpo\u010dinku m\u00e1te dv\u011b mo\u017enosti: bu\u010f se vyd\u00e1te lesn\u00ed cestou nad sout\u011bskou zp\u011bt k v\u00fdchoz\u00edmu bodu (pozor na n\u011bkolik strm\u00fdch \u00fasek\u016f), nebo si m\u016f\u017eete ud\u011blat zast\u00e1vku v centru Berchtesgadenu a vr\u00e1tit se autobusem linky 840 od Watzmanntherme zp\u011bt ke Kulov\u00e9mu ml\u00fdnu. S kartou hosta je nav\u00edc autobusov\u00e1 doprava zdarma, tak\u017ee se nemus\u00edte starat o dal\u0161\u00ed v\u00fddaje.<\/p>\t\t\t\t\t\t\t\t<\/div>\n\t\t\t\t<div class=\"elementor-element elementor-element-3847dba elementor-widget elementor-widget-heading\" data-id=\"3847dba\" data-element_type=\"widget\" data-settings=\"{&quot;ekit_we_effect_on&quot;:&quot;none&quot;}\" data-widget_type=\"heading.default\">\n\t\t\t\t\t<h2 class=\"elementor-heading-title elementor-size-default\">Sout\u011bska Almbachklamm otev\u00edrac\u00ed doba 2025<\/h2>\t\t\t\t<\/div>\n\t\t\t\t<div class=\"elementor-element elementor-element-4ce4ba6 elementor-widget elementor-widget-text-editor\" data-id=\"4ce4ba6\" data-element_type=\"widget\" data-settings=\"{&quot;ekit_we_effect_on&quot;:&quot;none&quot;}\" data-widget_type=\"text-editor.default\">\n\t\t\t\t\t\t\t\t\t<p class=\"translation-block\">Sout\u011bska Almbachklamm je p\u0159\u00edstupn\u00e1 pouze v letn\u00ed sez\u00f3n\u011b <strong>od kv\u011btna do \u0159\u00edjna<\/strong>.<\/p><p>Denn\u011b od 8:00 do 18:00 hodin.<\/p><p>M\u011bjte na pam\u011bti, \u017ee otev\u00edrac\u00ed doba se m\u016f\u017ee m\u011bnit v z\u00e1vislosti na po\u010das\u00ed. N\u011bkolikadenn\u00ed d\u00e9\u0161\u0165 m\u016f\u017ee zv\u00fd\u0161it hladinu vody natolik, \u017ee pr\u016fchod sout\u011bskou nen\u00ed bezpe\u010dn\u00fd. Stejn\u011b tak bou\u0159ky a padaj\u00edc\u00ed stromy mohou naru\u0161it va\u0161e pl\u00e1ny, ale na\u0161t\u011bst\u00ed se to st\u00e1v\u00e1 jen v\u00fdjime\u010dn\u011b.<\/p>\t\t\t\t\t\t\t\t<\/div>\n\t\t\t\t<div class=\"elementor-element elementor-element-15b10cc elementor-widget elementor-widget-heading\" data-id=\"15b10cc\" data-element_type=\"widget\" data-settings=\"{&quot;ekit_we_effect_on&quot;:&quot;none&quot;}\" data-widget_type=\"heading.default\">\n\t\t\t\t\t<h2 class=\"elementor-heading-title elementor-size-default\">Kdy je nejlep\u0161\u00ed \u010das na n\u00e1v\u0161t\u011bvu sout\u011bsky Almbachklamm?<\/h2>\t\t\t\t<\/div>\n\t\t\t\t<div class=\"elementor-element elementor-element-0d1e80a elementor-widget elementor-widget-image\" data-id=\"0d1e80a\" data-element_type=\"widget\" data-settings=\"{&quot;ekit_we_effect_on&quot;:&quot;none&quot;}\" data-widget_type=\"image.default\">\n\t\t\t\t\t\t\t\t\t\t\t\t\t\t\t<img decoding=\"async\" width=\"1280\" height=\"720\" src=\"https:\/\/berchtesgadenerleben.de\/wp-content\/uploads\/2022\/04\/almbachklamm-berchtesgaden.jpg\" class=\"attachment-full size-full wp-image-25257\" alt=\"Kask\u00e1dovit\u00fd vodop\u00e1d v sout\u011bsce Almbachklamm\" srcset=\"https:\/\/berchtesgadenerleben.de\/wp-content\/uploads\/2022\/04\/almbachklamm-berchtesgaden.jpg 1280w, https:\/\/berchtesgadenerleben.de\/wp-content\/uploads\/2022\/04\/almbachklamm-berchtesgaden-300x169.jpg 300w, https:\/\/berchtesgadenerleben.de\/wp-content\/uploads\/2022\/04\/almbachklamm-berchtesgaden-1024x576.jpg 1024w, https:\/\/berchtesgadenerleben.de\/wp-content\/uploads\/2022\/04\/almbachklamm-berchtesgaden-768x432.jpg 768w, https:\/\/berchtesgadenerleben.de\/wp-content\/uploads\/2022\/04\/almbachklamm-berchtesgaden-600x338.jpg 600w\" sizes=\"(max-width: 1280px) 100vw, 1280px\" \/>\t\t\t\t\t\t\t\t\t\t\t\t\t\t\t<\/div>\n\t\t\t\t<div class=\"elementor-element elementor-element-3c19d24 elementor-widget elementor-widget-text-editor\" data-id=\"3c19d24\" data-element_type=\"widget\" data-settings=\"{&quot;ekit_we_effect_on&quot;:&quot;none&quot;}\" data-widget_type=\"text-editor.default\">\n\t\t\t\t\t\t\t\t\t<p>B\u011bhem zimy proch\u00e1z\u00ed sout\u011bska \u00fadr\u017ebou, aby byla p\u0159ipravena na letn\u00ed n\u00e1por turist\u016f. S p\u0159\u00edchodem jara se pak cel\u00e1 p\u0159\u00edroda v sout\u011bsce probouz\u00ed k \u017eivotu.<\/p><p class=\"translation-block\"><strong>Pr\u00e1v\u011b jaro pova\u017eujeme za nejkouzeln\u011bj\u0161\u00ed obdob\u00ed pro n\u00e1v\u0161t\u011bvu sout\u011bsky Almbachklamm<\/strong>. V\u0161echno se zelen\u00e1, rozkv\u00e9t\u00e1 a vzduch je pln\u00fd sv\u011b\u017eesti. Ov\u0161em i letn\u00ed m\u011bs\u00edce maj\u00ed sv\u00e9 kouzlo a podzim s barevn\u00fdm list\u00edm vytv\u00e1\u0159\u00ed \u00fachvatn\u00e9 scen\u00e9rie, kter\u00e9 stoj\u00ed za to vid\u011bt.<\/p><p>Tak\u017ee krom\u011b zimn\u00edch m\u011bs\u00edc\u016f, kdy je sout\u011bska uzav\u0159ena, je Almbachklamm jedn\u00edm z nejp\u016fsobiv\u011bj\u0161\u00edch v\u00fdletn\u00edch c\u00edl\u016f v cel\u00e9m Berchtesgadenu. Ur\u010dit\u011b si ji zapi\u0161te na seznam m\u00edst, kter\u00e1 mus\u00edte nav\u0161t\u00edvit!<\/p>\t\t\t\t\t\t\t\t<\/div>\n\t\t\t\t<div class=\"elementor-element elementor-element-e29fe3a elementor-widget elementor-widget-heading\" data-id=\"e29fe3a\" data-element_type=\"widget\" data-settings=\"{&quot;ekit_we_effect_on&quot;:&quot;none&quot;}\" data-widget_type=\"heading.default\">\n\t\t\t\t\t<h2 class=\"elementor-heading-title elementor-size-default\">Vstupn\u00e9 sout\u011bska Almbachklamm 2025<\/h2>\t\t\t\t<\/div>\n\t\t\t\t<div class=\"elementor-element elementor-element-ca2ffc2 elementor-widget elementor-widget-text-editor\" data-id=\"ca2ffc2\" data-element_type=\"widget\" data-settings=\"{&quot;ekit_we_effect_on&quot;:&quot;none&quot;}\" data-widget_type=\"text-editor.default\">\n\t\t\t\t\t\t\t\t\t<p class=\"translation-block\">Udr\u017eov\u00e1n\u00ed stezky v bezpe\u010dn\u00e9m stavu vy\u017eaduje nemal\u00e9 \u00fasil\u00ed a finan\u010dn\u00ed prost\u0159edky, proto <strong> je vstup do sout\u011bsky zpoplatn\u011bn<\/strong>. Pen\u00edze ze vstupn\u00e9ho slou\u017e\u00ed k neust\u00e1l\u00e9 \u00fadr\u017eb\u011b a renovaci turistick\u00e9 infrastruktury.<\/p><p class=\"translation-block\"><strong>Zde jsou aktu\u00e1ln\u00ed ceny vstupn\u00e9ho pro rok 2025<\/strong><br>Dosp\u011bl\u00ed: 8 \u20ac<br>Host\u00e9 s G\u00e4stekarte: 7 \u20ac<br>Ml\u00e1de\u017e do 18 let: 5 \u20ac<br>D\u011bti do 6 let: zdarma<\/p>\t\t\t\t\t\t\t\t<\/div>\n\t\t\t\t<div class=\"elementor-element elementor-element-3ea7062 elementor-widget elementor-widget-heading\" data-id=\"3ea7062\" data-element_type=\"widget\" data-settings=\"{&quot;ekit_we_effect_on&quot;:&quot;none&quot;}\" data-widget_type=\"heading.default\">\n\t\t\t\t\t<h2 class=\"elementor-heading-title elementor-size-default\">Kulov\u00fd ml\u00fdn \u2013 unik\u00e1t, kter\u00fd mus\u00edte vid\u011bt<\/h2>\t\t\t\t<\/div>\n\t\t\t\t<div class=\"elementor-element elementor-element-d9b51c5 elementor-widget elementor-widget-image\" data-id=\"d9b51c5\" data-element_type=\"widget\" data-settings=\"{&quot;ekit_we_effect_on&quot;:&quot;none&quot;}\" data-widget_type=\"image.default\">\n\t\t\t\t\t\t\t\t\t\t\t\t\t\t\t<img loading=\"lazy\" decoding=\"async\" width=\"1280\" height=\"720\" src=\"https:\/\/berchtesgadenerleben.de\/wp-content\/uploads\/2022\/04\/kugelmuehle-marktschellenberg.jpg\" class=\"attachment-full size-full wp-image-25256\" alt=\"Posledn\u00ed funk\u010dn\u00ed kulov\u00fd ml\u00fdn v N\u011bmecku u vstupu do sout\u011bsky\" srcset=\"https:\/\/berchtesgadenerleben.de\/wp-content\/uploads\/2022\/04\/kugelmuehle-marktschellenberg.jpg 1280w, https:\/\/berchtesgadenerleben.de\/wp-content\/uploads\/2022\/04\/kugelmuehle-marktschellenberg-300x169.jpg 300w, https:\/\/berchtesgadenerleben.de\/wp-content\/uploads\/2022\/04\/kugelmuehle-marktschellenberg-1024x576.jpg 1024w, https:\/\/berchtesgadenerleben.de\/wp-content\/uploads\/2022\/04\/kugelmuehle-marktschellenberg-768x432.jpg 768w, https:\/\/berchtesgadenerleben.de\/wp-content\/uploads\/2022\/04\/kugelmuehle-marktschellenberg-600x338.jpg 600w\" sizes=\"(max-width: 1280px) 100vw, 1280px\" \/>\t\t\t\t\t\t\t\t\t\t\t\t\t\t\t<\/div>\n\t\t\t\t<div class=\"elementor-element elementor-element-09b569d elementor-widget elementor-widget-text-editor\" data-id=\"09b569d\" data-element_type=\"widget\" data-settings=\"{&quot;ekit_we_effect_on&quot;:&quot;none&quot;}\" data-widget_type=\"text-editor.default\">\n\t\t\t\t\t\t\t\t\t<p class=\"translation-block\">Hned u vstupu do sout\u011bsky, vedle \u00fatuln\u00e9ho <a title=\"Webov\u00e9 str\u00e1nky Gasthaus \u201eZur Kugelm\u00fchle\u201c\" href=\"http:\/\/www.gasthaus-kugelmuehle.de\/\" target=\"_blank\" rel=\"noopener\">hostince \"Gasthaus zur Kugelm\u00fchle\u201c<\/a>, stoj\u00ed historick\u00e1 rarita \u2013 posledn\u00ed funk\u010dn\u00ed kulov\u00fd ml\u00fdn v N\u011bmecku. Na tomto m\u00edst\u011b vyr\u00e1b\u00ed dokonal\u00e9 mramorov\u00e9 koule u\u017e od roku 1683!<\/p><p>V minulosti poh\u00e1n\u011bl potok Almbach a\u017e 40 takov\u00fdch ml\u00fdn\u016f a v \u0161ir\u0161\u00edm okol\u00ed jich bylo dokonce p\u0159es 90. Provozovali je m\u00edstn\u00ed hor\u0161t\u00ed roln\u00edci jako v\u00edtan\u00fd zdroj p\u0159iv\u00fdd\u011blku.<\/p><p>P\u016fvodn\u011b se v ml\u00fdnech vyr\u00e1b\u011bly p\u0159edev\u0161\u00edm d\u011blov\u00e9 a pu\u0161kov\u00e9 koule, pozd\u011bji se v\u0161ak v\u00fdroba p\u0159eorientovala na hra\u010dk\u00e1\u0159sk\u00e9 kuli\u010dky, kter\u00e9 se vyv\u00e1\u017eely do cel\u00e9ho sv\u011bta.<\/p><p>S n\u00e1stupem pr\u016fmyslov\u00e9 v\u00fdroby sklen\u011bn\u00fdch a hlin\u011bn\u00fdch kuli\u010dek v\u0161ak toto tradi\u010dn\u00ed \u0159emeslo za\u010dalo upadat.<\/p><p>I dnes je ale ml\u00fdn b\u011bhem letn\u00ed sez\u00f3ny v provozu. Z hrub\u00fdch kus\u016f untersbergsk\u00e9ho mramoru zde vznikaj\u00ed dokonale kulat\u00e9 mramorov\u00e9 koule. U vchodu do sout\u011bsky m\u016f\u017eete tyto mal\u00e9 um\u011bleck\u00e9 p\u0159edm\u011bty nejen obdivovat, ale tak\u00e9 si n\u011bkter\u00fd odn\u00e9st jako origin\u00e1ln\u00ed suven\u00fdr.<\/p>\t\t\t\t\t\t\t\t<\/div>\n\t\t\t\t<div class=\"elementor-element elementor-element-25fd0de elementor-widget elementor-widget-heading\" data-id=\"25fd0de\" data-element_type=\"widget\" data-settings=\"{&quot;ekit_we_effect_on&quot;:&quot;none&quot;}\" data-widget_type=\"heading.default\">\n\t\t\t\t\t<h2 class=\"elementor-heading-title elementor-size-default\">Theresienklause \u2013 sv\u011bdek d\u00e1vn\u00e9ho \u0159emesla<\/h2>\t\t\t\t<\/div>\n\t\t\t\t<div class=\"elementor-element elementor-element-bc34052 elementor-widget elementor-widget-text-editor\" data-id=\"bc34052\" data-element_type=\"widget\" data-settings=\"{&quot;ekit_we_effect_on&quot;:&quot;none&quot;}\" data-widget_type=\"text-editor.default\">\n\t\t\t\t\t\t\t\t\t<p>Impozantn\u00ed p\u0159ehrada Theresienklause, ty\u010d\u00edc\u00ed se do v\u00fd\u0161ky 14 metr\u016f a rozp\u00ednaj\u00edc\u00ed se do d\u00e9lky t\u00e9m\u011b\u0159 17 metr\u016f, byla postavena Kr\u00e1lovskou spr\u00e1vou soln\u00fdch dol\u016f u\u017e v roce 1835.<\/p><p>Za touto masivn\u00ed hr\u00e1z\u00ed se mohlo zadr\u017eet a\u017e 15 000 krychlov\u00fdch metr\u016f vody. Kdy\u017e se stavidla otev\u0159ela, uvolnila se mohutn\u00e1 s\u00edla, kter\u00e1 zvedla hladinu potoka Almbach a pomohla un\u00e1\u0161et t\u011b\u017ek\u00e9 kmeny strom\u016f \u00fadol\u00edm dol\u016f.<\/p><p>Plaven\u00ed d\u0159eva nebylo jednoduchou z\u00e1le\u017eitost\u00ed. A\u017e 4,5 metru dlouh\u00e9 kmeny se \u010dasto zasek\u00e1valy a k\u0159\u00ed\u017eily, a tak museli d\u0159eva\u0159i pomoc\u00ed dlouh\u00fdch ty\u010d\u00ed kmeny neust\u00e1le usm\u011br\u0148ovat a popostrkovat spr\u00e1vn\u00fdm sm\u011brem.<\/p><p>Kdy\u017e dnes proch\u00e1z\u00edte \u00fazkou sout\u011bskou, jen t\u011b\u017eko si dok\u00e1\u017eete p\u0159edstavit, jak fyzicky n\u00e1ro\u010dn\u00e1 a nebezpe\u010dn\u00e1 tato pr\u00e1ce musela b\u00fdt. O to v\u00edc si m\u016f\u017eete v\u00e1\u017eit pohodln\u00e9 a bezpe\u010dn\u00e9 turistick\u00e9 stezky, po kter\u00e9 se dnes proch\u00e1z\u00edte.<\/p>\t\t\t\t\t\t\t\t<\/div>\n\t\t\t\t<div class=\"elementor-element elementor-element-74fae3d elementor-widget elementor-widget-heading\" data-id=\"74fae3d\" data-element_type=\"widget\" data-settings=\"{&quot;ekit_we_effect_on&quot;:&quot;none&quot;}\" data-widget_type=\"heading.default\">\n\t\t\t\t\t<h2 class=\"elementor-heading-title elementor-size-default\">\u010casto kladen\u00e9 dotazy o sout\u011bsce Almbachklamm<\/h2>\t\t\t\t<\/div>\n\t\t\t\t<div class=\"elementor-element elementor-element-73d38cf elementor-widget elementor-widget-image\" data-id=\"73d38cf\" data-element_type=\"widget\" data-settings=\"{&quot;ekit_we_effect_on&quot;:&quot;none&quot;}\" data-widget_type=\"image.default\">\n\t\t\t\t\t\t\t\t\t\t\t\t\t\t\t<img loading=\"lazy\" decoding=\"async\" width=\"1280\" height=\"720\" src=\"https:\/\/berchtesgadenerleben.de\/wp-content\/uploads\/2022\/04\/almbachklamm-steig.jpg\" class=\"attachment-full size-full wp-image-25259\" alt=\"Kask\u00e1dovit\u00fd vodop\u00e1d v sout\u011bsce Almbachklamm\" srcset=\"https:\/\/berchtesgadenerleben.de\/wp-content\/uploads\/2022\/04\/almbachklamm-steig.jpg 1280w, https:\/\/berchtesgadenerleben.de\/wp-content\/uploads\/2022\/04\/almbachklamm-steig-300x169.jpg 300w, https:\/\/berchtesgadenerleben.de\/wp-content\/uploads\/2022\/04\/almbachklamm-steig-1024x576.jpg 1024w, https:\/\/berchtesgadenerleben.de\/wp-content\/uploads\/2022\/04\/almbachklamm-steig-768x432.jpg 768w, https:\/\/berchtesgadenerleben.de\/wp-content\/uploads\/2022\/04\/almbachklamm-steig-600x338.jpg 600w\" sizes=\"(max-width: 1280px) 100vw, 1280px\" \/>\t\t\t\t\t\t\t\t\t\t\t\t\t\t\t<\/div>\n\t\t\t\t<div class=\"elementor-element elementor-element-d9f3ee2 elementor-widget elementor-widget-text-editor\" data-id=\"d9f3ee2\" data-element_type=\"widget\" data-settings=\"{&quot;ekit_we_effect_on&quot;:&quot;none&quot;}\" data-widget_type=\"text-editor.default\">\n\t\t\t\t\t\t\t\t\t<p><strong>Wo ist der Almbachklamm Parkplatz?<\/strong><\/p><p>Der <a title=\"Almbachklamm Parkplatz (Google Maps)\" href=\"https:\/\/maps.app.goo.gl\/Zudyw7N4NSzSaUiw5\" target=\"_blank\" rel=\"noopener\">Almbachklamm Parkplatz <\/a>(Google Maps Link) befindet sich direkt vor dem Gasthaus &#8222;Zur Kugelm\u00fchle&#8220;, also unmittelbar am Eingang der Almbachklamm.<\/p><p><strong>Kann ich die Almbachklamm mit Kindern begehen?<\/strong><\/p><p>Ja, das ist problemlos m\u00f6glich. Vorsicht ist nat\u00fcrlich geboten und undbedingt auf die richtige Wanderausr\u00fcstung achten!<\/p><p><strong>Kann man einen Kinderwagen in die Almbachklamm mitnehmen?<\/strong><\/p><p>Nein, ein Kinderwagen hat in der Almbachklamm nichts verloren. Wir empfehlen f\u00fcr eine Wanderung durch die Almbachklamm mit Baby oder Kleinkind eine Trage.<br \/>In unserem Artikel \u00fcber die richtige Wanderausr\u00fcstung f\u00fcr Familien haben wir nochmal alles zusammengeschrieben. \ud83d\ude0a<\/p><p><strong>Mit Hund in die Almbachklamm?<\/strong><\/p><p>Du kannst problemlos mit deinem Hund durch die Almbachklamm wandern. Beachte dabei bitte unbedingt die Leinenpflicht und halte deinen Hund an der kurzen Leine! Die Almbachklamm ist durch die vielen Treppenstufen nur etwas f\u00fcr ge\u00fcbte Vierbeiner. Falls dein Hund Treppensteigen also nicht gewohnt ist, werden Hund und Frauchen\/Herrchen keinen Spa\u00df an den 300 Treppen haben.<\/p>\t\t\t\t\t\t\t\t<\/div>\n\t\t\t\t<div class=\"elementor-element elementor-element-f8c9e6d elementor-widget elementor-widget-heading\" data-id=\"f8c9e6d\" data-element_type=\"widget\" data-settings=\"{&quot;ekit_we_effect_on&quot;:&quot;none&quot;}\" data-widget_type=\"heading.default\">\n\t\t\t\t\t<h2 class=\"elementor-heading-title elementor-size-default\">360 Grad Ansicht<\/h2>\t\t\t\t<\/div>\n\t\t\t\t<div class=\"elementor-element elementor-element-4b52ec4 elementor-widget elementor-widget-html\" data-id=\"4b52ec4\" data-element_type=\"widget\" data-settings=\"{&quot;ekit_we_effect_on&quot;:&quot;none&quot;}\" data-widget_type=\"html.default\">\n\t\t\t\t\t<iframe src=\"https:\/\/www.google.com\/maps\/embed?pb=!4v1652192582879!6m8!1m7!1sCAoSLEFGMVFpcE1ma1pndXJ1eVVMS045U1htZkVFd0lvNjNUVnVlZ3lCV0RfMnh0!2m2!1d47.6705154!2d13.0308403!3f120!4f0!5f0.7820865974627469\" width=\"600\" height=\"600\" style=\"border:0;\" allowfullscreen=\"\" loading=\"lazy\" referrerpolicy=\"no-referrer-when-downgrade\"><\/iframe>\t\t\t\t<\/div>\n\t\t\t\t<\/article>\n\t\t\t\t\t<\/div>\n\t\t\t\t<\/main>\n\t\t\t\t<\/div>","protected":false},"excerpt":{"rendered":"<p>Za\u017eijte divokou kr\u00e1su sout\u011bsky Almbachklamm \u2013 tuhle t\u00faru prost\u011b nesm\u00ed\u0161 vynechat! Bezpe\u010dn\u011b upraven\u00e1 stezka v\u00e1s provede p\u0159es 29 m\u016fstk\u016f, kolem hu\u010d\u00edc\u00edch vodop\u00e1d\u016f a\u017e k historick\u00e9 hr\u00e1zi Theresienklause.<\/p>\n<div style=\"height: 15px;\"><\/div>\n<p class=\"translation-block\">\ud83d\udccd Mezi Marktschellenbergem a Berchtesgadenem  \n<br>\ud83d\udd58 Otev\u0159eno denn\u011b od kv\u011btna do \u0159\u00edjna, 8:00\u201318:00  \n<br>\ud83d\udcb6 Dosp\u011bl\u00ed 8 \u20ac | S G\u00e4stekarte 7 \u20ac  \n<br>\ud83d\udc5f Nutn\u00e9 pevn\u00e9 boty | Nevhodn\u00e9 pro ko\u010d\u00e1rky<\/p>","protected":false},"author":1,"featured_media":25266,"comment_status":"open","ping_status":"open","sticky":false,"template":"","format":"standard","meta":{"footnotes":""},"categories":[44,37,46],"tags":[],"class_list":["post-25246","post","type-post","status-publish","format-standard","has-post-thumbnail","hentry","category-klamm","category-top-20","category-wanderung"],"_links":{"self":[{"href":"https:\/\/berchtesgadenerleben.de\/cs\/wp-json\/wp\/v2\/posts\/25246","targetHints":{"allow":["GET"]}}],"collection":[{"href":"https:\/\/berchtesgadenerleben.de\/cs\/wp-json\/wp\/v2\/posts"}],"about":[{"href":"https:\/\/berchtesgadenerleben.de\/cs\/wp-json\/wp\/v2\/types\/post"}],"author":[{"embeddable":true,"href":"https:\/\/berchtesgadenerleben.de\/cs\/wp-json\/wp\/v2\/users\/1"}],"replies":[{"embeddable":true,"href":"https:\/\/berchtesgadenerleben.de\/cs\/wp-json\/wp\/v2\/comments?post=25246"}],"version-history":[{"count":45,"href":"https:\/\/berchtesgadenerleben.de\/cs\/wp-json\/wp\/v2\/posts\/25246\/revisions"}],"predecessor-version":[{"id":27717,"href":"https:\/\/berchtesgadenerleben.de\/cs\/wp-json\/wp\/v2\/posts\/25246\/revisions\/27717"}],"wp:featuredmedia":[{"embeddable":true,"href":"https:\/\/berchtesgadenerleben.de\/cs\/wp-json\/wp\/v2\/media\/25266"}],"wp:attachment":[{"href":"https:\/\/berchtesgadenerleben.de\/cs\/wp-json\/wp\/v2\/media?parent=25246"}],"wp:term":[{"taxonomy":"category","embeddable":true,"href":"https:\/\/berchtesgadenerleben.de\/cs\/wp-json\/wp\/v2\/categories?post=25246"},{"taxonomy":"post_tag","embeddable":true,"href":"https:\/\/berchtesgadenerleben.de\/cs\/wp-json\/wp\/v2\/tags?post=25246"}],"curies":[{"name":"wp","href":"https:\/\/api.w.org\/{rel}","templated":true}]}}